{"id":1442,"date":"2023-09-14T14:12:03","date_gmt":"2023-09-14T12:12:03","guid":{"rendered":"https:\/\/pasaenmendoza.com\/?p=1442"},"modified":"2023-09-14T14:12:04","modified_gmt":"2023-09-14T12:12:04","slug":"elecciones-en-mendoza-los-pedidos-de-la-industria-y-de-la-construccion","status":"publish","type":"post","link":"https:\/\/pasaenmendoza.com\/?p=1442","title":{"rendered":"Elecciones en Mendoza: los pedidos de la industria y de la construcci\u00f3n"},"content":{"rendered":"\n<p>Como otros grupos empresarios, industriales y constructores se reunieron con los principales candidatos a la gobernaci\u00f3n de Mendoza con el objetivo de explicitar las preocupaciones de los sectores. Miner\u00eda, energ\u00eda y actualizaci\u00f3n de contratos de obra p\u00fablica, entre los principales ejes.<\/p>\n\n\n\n<p>Desde las distintas c\u00e1maras\u00a0<strong>empresarias\u00a0<\/strong>de la provincia, y frente a las\u00a0<strong>elecciones<\/strong>\u00a0que se avecinan,\u00a0se han mantenido reuniones con los candidatos a la Gobernaci\u00f3n. El objetivo general,\u00a0m\u00e1s all\u00e1 de las diferencias entre las actividades, es poner en palabras las dificultades de los sectores en particular; as\u00ed como de la situaci\u00f3n de los privados en general.<\/p>\n\n\n\n<p>Seg\u00fan diversas mediciones, Mendoza no crea ejemplo formal genuino desde hace m\u00e1s de diez a\u00f1os y, entre otros puntos, se trata de un signo de alerta para el sector\u00a0<strong>empresario\u00a0<\/strong>en general y el\u00a0industrial en particular debido a que es\u00a0uno de los principales generadores de trabajo de calidad. Por este motivo, una de las preocupaciones comunes tiene que ver con hacer crecer este sector as\u00ed como con la necesidad de financiamiento y desarrollo tecnol\u00f3gico que este precisa.<\/p>\n\n\n\n<p>La C\u00e1mara de Constructores Independientes de Mendoza (Cecim), que recientemente reeligi\u00f3 a Dalmiro Barbeito como presidente, tuvo diversos encuentros con las personas que quieren gobernar la provincia. Lo mismo hicieron, por su parte, los integrantes de la Asociaci\u00f3n de Industriales Metal\u00fargicos de la provincia de Mendoza (Asinmet). Ambos espacios estuvieron frente a frente con Alfredo Cornejo (CM), Omar De Marchi (UM) y Omar Parisi (FE).<\/p>\n\n\n\n<h2 class=\"wp-block-heading\">Contratos desactualizados y el impacto en las pymes<\/h2>\n\n\n\n<p>En las distintas reuniones con los candidatos, los representantes de las\u00a0<strong>pymes<\/strong>\u00a0constructoras hicieron hincapi\u00e9 en el modo en que las empresas se adaptan al dif\u00edcil momento econ\u00f3mico al tiempo que est\u00e1n a la espera de los nuevos desaf\u00edos que puede traer la pol\u00edtica en lo que a inversi\u00f3n p\u00fablica respecta.<\/p>\n\n\n\n<p>En especial porque cerca del 70% de los trabajadores registrados pertenecen a las empresas agrupadas en Cecim. La construcci\u00f3n es uno de los sectores que m\u00e1s r\u00e1pidamente refleja la ca\u00edda o la recuperaci\u00f3n de la econom\u00eda por lo que el presidente de la C\u00e1mara, Dalmiro Barbeito, destac\u00f3 el rol de las pymes en la construcci\u00f3n de escuelas, viviendas as\u00ed como obras municipales.<\/p>\n\n\n\n<p>Por este motivo, entre los principales reclamos de los&nbsp;<strong>empresarios<\/strong>&nbsp;del sector se encuentra el de la redeterminaci\u00f3n de precios. Con costos que crecen a pasos agigantados _y el batacazo que ya supone la \u00faltima devaluaci\u00f3n_ quienes tienen contratos de obra p\u00fablica presentan cada vez m\u00e1s complicaciones para llevar adelante lo comprometido. &nbsp;<\/p>\n\n\n\n<p>\u201cSi no tenemos un esquema de redeterminaci\u00f3n de precios adecuado, la obra p\u00fablica es inviable\u201d, expres\u00f3 Barbeito. Se trata de un reclamo del sector desde que comenz\u00f3 a acelerarse la inflaci\u00f3n y que ha llevado a retrasar o paralizar obras por dificultades en este punto.<\/p>\n\n\n\n<h2 class=\"wp-block-heading\">El pedido por los fondos de Portezuelo<\/h2>\n\n\n\n<p>Por su parte, los miembros de Asinmet tambi\u00e9n presentaron sus prioridades ante los candidatos a las\u00a0<strong>elecciones<\/strong>. Uno de los principales planteos tuvo que ver con el destino de los 1.023 millones de d\u00f3lares que est\u00e1n en el fideicomiso de la fallida obra de Portezuelo del Viento.<\/p>\n\n\n\n<p>Sobre este punto, el presidente de la entidad, Mariano G\u00fcizzo, expres\u00f3 que la propuesta de la c\u00e1mara es que ese dinero se destine a inversiones que tengan capacidad de reparo. Se trata de hacer un paquete de inversiones que, adem\u00e1s de poseer un impacto directo e indirecto en la generaci\u00f3n de trabajo, pueda regenerarse y establecer una suerte de c\u00edrculo virtuoso en el encadenamiento productivo de inversiones futuras.<\/p>\n\n\n\n<p>Otro punto clave para la metalmec\u00e1nica es el desarrollo del Petr\u00f3leo y la Miner\u00eda como un \u201cvector de crecimiento\u201d. Los\u00a0<strong>empresarios<\/strong>\u00a0que integran\u00a0Asinmet tambi\u00e9n sumaron la importancia de la existencia de financiamiento y de un nuevo impulso para el Fondo para la Transformaci\u00f3n y el Crecimiento. Algo que servir\u00e1 para agrandar la torta de la econom\u00eda y mejorar la competitividad de las empresas.<\/p>\n\n\n\n<p>FUENTE: mdzonline.<\/p>\n","protected":false},"excerpt":{"rendered":"<p>Como otros grupos empresarios, industriales y constructores se reunieron con los principales candidatos a la gobernaci\u00f3n de Mendoza con el objetivo de explicitar las preocupaciones de los sectores. Miner\u00eda, energ\u00eda y actualizaci\u00f3n de contratos de obra p\u00fablica, entre los principales ejes. Desde las distintas c\u00e1maras\u00a0empresarias\u00a0de la provincia, y frente a las\u00a0elecciones\u00a0que se avecinan,\u00a0se han mantenido [&hellip;]<\/p>\n","protected":false},"author":2,"featured_media":1443,"comment_status":"open","ping_status":"open","sticky":true,"template":"","format":"standard","meta":[],"categories":[47],"tags":[],"_links":{"self":[{"href":"https:\/\/pasaenmendoza.com\/index.php?rest_route=\/wp\/v2\/posts\/1442"}],"collection":[{"href":"https:\/\/pasaenmendoza.com\/index.php?rest_route=\/wp\/v2\/posts"}],"about":[{"href":"https:\/\/pasaenmendoza.com\/index.php?rest_route=\/wp\/v2\/types\/post"}],"author":[{"embeddable":true,"href":"https:\/\/pasaenmendoza.com\/index.php?rest_route=\/wp\/v2\/users\/2"}],"replies":[{"embeddable":true,"href":"https:\/\/pasaenmendoza.com\/index.php?rest_route=%2Fwp%2Fv2%2Fcomments&post=1442"}],"version-history":[{"count":1,"href":"https:\/\/pasaenmendoza.com\/index.php?rest_route=\/wp\/v2\/posts\/1442\/revisions"}],"predecessor-version":[{"id":1444,"href":"https:\/\/pasaenmendoza.com\/index.php?rest_route=\/wp\/v2\/posts\/1442\/revisions\/1444"}],"wp:featuredmedia":[{"embeddable":true,"href":"https:\/\/pasaenmendoza.com\/index.php?rest_route=\/wp\/v2\/media\/1443"}],"wp:attachment":[{"href":"https:\/\/pasaenmendoza.com\/index.php?rest_route=%2Fwp%2Fv2%2Fmedia&parent=1442"}],"wp:term":[{"taxonomy":"category","embeddable":true,"href":"https:\/\/pasaenmendoza.com\/index.php?rest_route=%2Fwp%2Fv2%2Fcategories&post=1442"},{"taxonomy":"post_tag","embeddable":true,"href":"https:\/\/pasaenmendoza.com\/index.php?rest_route=%2Fwp%2Fv2%2Ftags&post=1442"}],"curies":[{"name":"wp","href":"https:\/\/api.w.org\/{rel}","templated":true}]}}