{"id":14423,"date":"2025-08-27T00:30:08","date_gmt":"2025-08-26T22:30:08","guid":{"rendered":"https:\/\/pasaenmendoza.com\/?p=14423"},"modified":"2025-08-27T00:30:09","modified_gmt":"2025-08-26T22:30:09","slug":"advirtieron-que-la-tormenta-de-santa-rosa-traera-lluvias-abundantes-a-mendoza-durante-el-fin-de-semana","status":"publish","type":"post","link":"https:\/\/pasaenmendoza.com\/?p=14423","title":{"rendered":"Advirtieron que la tormenta de Santa Rosa traer\u00e1 lluvias abundantes a Mendoza durante el fin de semana"},"content":{"rendered":"\n<p>La tradicional\u00a0<strong>tormenta de Santa Rosa<\/strong>\u00a0se espera que llegue a\u00a0<strong>Mendoza\u00a0<\/strong>en tiempo y forma, por lo que posiblemente arruine los planes de los mendocinos para el fin de semana. Los especialistas indicaron cu\u00e1ndo ser\u00e1 y qu\u00e9 pasar\u00e1.<\/p>\n\n\n\n<p>Esta semana arranc\u00f3 con d\u00edas muy\u00a0<strong>primaverales<\/strong>, con ma\u00f1anas frescas pero tardes para disfrutar al aire libre con m\u00e1ximas que superan los 22 grados.<\/p>\n\n\n\n<p>La meteor\u00f3loga&nbsp;<strong>Elizabeth Naranjo Tamayo<\/strong>&nbsp;asegur\u00f3 que estos d\u00edas que anticipan la llevada de la&nbsp;<strong>primavera&nbsp;<\/strong>se mantendr\u00e1n hasta el viernes, por lo que recomend\u00f3 disfrutarlos antes que cambie todo de un momento para otro.<\/p>\n\n\n\n<h2 class=\"wp-block-heading\">Qu\u00e9 pasar\u00e1 en Mendoza con la tormenta de Santa Rosa<\/h2>\n\n\n\n<p>Como todos los 30 de agosto, ese d\u00eda se conmemora el d\u00eda de&nbsp;<strong>Santa Rosa de Lima<\/strong>, y est\u00e1 vinculado a fuertes temporales o lluvias que afectan unos d\u00edas antes o unos d\u00edas despu\u00e9s de esa fecha.<\/p>\n\n\n\n<p>Este a\u00f1o en\u00a0<strong>Mendoza\u00a0<\/strong>se dar\u00e1 al mismo tiempo. La especialista explic\u00f3 que el\u00a0<strong>pron\u00f3stico del tiempo<\/strong>\u00a0muestra que hay &#8220;muchas chances de\u00a0<strong>precipitaciones abundantes<\/strong>\u00a0en toda la provincia&#8221;.<\/p>\n\n\n\n<p>Esto afectar\u00e1 con &#8220;precipitaciones abundantes especialmente el s\u00e1bado, y parte del domingo&#8221;, detall\u00f3\u00a0<strong>Elizabeth Naranjo Tamayo<\/strong>\u00a0y agreg\u00f3 que ser\u00e1 un fin de semana para quedarse en casa por las\u00a0<strong>lluvias<\/strong>.<\/p>\n\n\n\n<p>Adem\u00e1s, con la llegada de la<strong>&nbsp;tormenta de Santa Rosa<\/strong>, se espera un marcado descenso de la temperatura con m\u00e1ximas que ir\u00e1n entre los 12 y los 15 grados.<\/p>\n\n\n\n<h2 class=\"wp-block-heading\">Por qu\u00e9 se llama tormenta de Santa Rosa<\/h2>\n\n\n\n<p>Se trata de un fen\u00f3meno que suele ocurrir unos d\u00edas antes o despu\u00e9s del 30 de agosto, d\u00eda en que se recuerda a&nbsp;<strong>Santa Rosa de Lima<\/strong>, patrona de Am\u00e9rica.<\/p>\n\n\n\n<p>Estas lluvias adoptaron el nombre de la religiosa luego de un hecho que marc\u00f3 un antes y un despu\u00e9s en\u00a0<strong>Lima<\/strong>, la capital de\u00a0<strong>Per\u00fa<\/strong>, cuando una inesperada\u00a0<strong>tormenta\u00a0<\/strong>se form\u00f3 r\u00e1pidamente e impidi\u00f3 el desembarco de piratas holandeses que iban a atacar la ciudad.<\/p>\n\n\n\n<p>Esto se transform\u00f3 en una leyenda que atribuy\u00f3 poderes m\u00edsticos a&nbsp;<strong>Santa Rosa<\/strong>, aunque lo que pas\u00f3 en realidad fue que el capit\u00e1n holand\u00e9s muri\u00f3 y por eso abandonaron la misi\u00f3n que ten\u00edan de llegar a Lima.<\/p>\n\n\n\n<p>Por otro lado, si bien se mantiene la creencia de la &#8220;tormenta&#8221;, en realidad no tiene la intensidad que la gente cree. Los meteor\u00f3logos atribuyen el fen\u00f3meno de la\u00a0<strong>tormenta de Santa Rosa<\/strong>\u00a0que ocurre todos los a\u00f1os se debe al choque de las primeras masas de aire c\u00e1lido que anticipan la\u00a0<strong>primavera<\/strong>, con los frentes fr\u00edos que persisten del invierno.<\/p>\n\n\n\n<p><strong>Fuente: www.diariouno.com.ar<\/strong><\/p>\n","protected":false},"excerpt":{"rendered":"<p>La tradicional\u00a0tormenta de Santa Rosa\u00a0se espera que llegue a\u00a0Mendoza\u00a0en tiempo y forma, por lo que posiblemente arruine los planes de los mendocinos para el fin de semana. Los especialistas indicaron cu\u00e1ndo ser\u00e1 y qu\u00e9 pasar\u00e1. Esta semana arranc\u00f3 con d\u00edas muy\u00a0primaverales, con ma\u00f1anas frescas pero tardes para disfrutar al aire libre con m\u00e1ximas que superan [&hellip;]<\/p>\n","protected":false},"author":2,"featured_media":14424,"comment_status":"open","ping_status":"open","sticky":false,"template":"","format":"standard","meta":[],"categories":[52],"tags":[],"_links":{"self":[{"href":"https:\/\/pasaenmendoza.com\/index.php?rest_route=\/wp\/v2\/posts\/14423"}],"collection":[{"href":"https:\/\/pasaenmendoza.com\/index.php?rest_route=\/wp\/v2\/posts"}],"about":[{"href":"https:\/\/pasaenmendoza.com\/index.php?rest_route=\/wp\/v2\/types\/post"}],"author":[{"embeddable":true,"href":"https:\/\/pasaenmendoza.com\/index.php?rest_route=\/wp\/v2\/users\/2"}],"replies":[{"embeddable":true,"href":"https:\/\/pasaenmendoza.com\/index.php?rest_route=%2Fwp%2Fv2%2Fcomments&post=14423"}],"version-history":[{"count":1,"href":"https:\/\/pasaenmendoza.com\/index.php?rest_route=\/wp\/v2\/posts\/14423\/revisions"}],"predecessor-version":[{"id":14425,"href":"https:\/\/pasaenmendoza.com\/index.php?rest_route=\/wp\/v2\/posts\/14423\/revisions\/14425"}],"wp:featuredmedia":[{"embeddable":true,"href":"https:\/\/pasaenmendoza.com\/index.php?rest_route=\/wp\/v2\/media\/14424"}],"wp:attachment":[{"href":"https:\/\/pasaenmendoza.com\/index.php?rest_route=%2Fwp%2Fv2%2Fmedia&parent=14423"}],"wp:term":[{"taxonomy":"category","embeddable":true,"href":"https:\/\/pasaenmendoza.com\/index.php?rest_route=%2Fwp%2Fv2%2Fcategories&post=14423"},{"taxonomy":"post_tag","embeddable":true,"href":"https:\/\/pasaenmendoza.com\/index.php?rest_route=%2Fwp%2Fv2%2Ftags&post=14423"}],"curies":[{"name":"wp","href":"https:\/\/api.w.org\/{rel}","templated":true}]}}