{"id":14426,"date":"2025-08-27T21:54:21","date_gmt":"2025-08-27T19:54:21","guid":{"rendered":"https:\/\/pasaenmendoza.com\/?p=14426"},"modified":"2025-08-27T21:54:22","modified_gmt":"2025-08-27T19:54:22","slug":"una-mujer-se-atrinchero-en-una-casa-usurpada-en-las-heras","status":"publish","type":"post","link":"https:\/\/pasaenmendoza.com\/?p=14426","title":{"rendered":"Una mujer se atrincher\u00f3 en una casa usurpada en Las Heras"},"content":{"rendered":"\n<p>Un intenso operativo se llev\u00f3 a cabo en la ma\u00f1ana de este mi\u00e9rcoles en el&nbsp;<strong>barrio Sargento Cabral de Las Heras<\/strong>. Una mujer se atrincher\u00f3 en una casa usurpada y amenazaba con atentar contra su vida. Seg\u00fan el relato de la hija, es paciente psiqu\u00ed\u00e1trica.&nbsp;<\/p>\n\n\n\n<p>El hecho comenz\u00f3 cuando personal de la&nbsp;<strong>Unidad Especial de Patrullaje<\/strong>&nbsp;lleg\u00f3 al lugar para efectuar una medida de desalojo. All\u00ed la mujer que habitaba la casa entr\u00f3 en crisis, se coloc\u00f3 una tijera en el cuello y empez\u00f3 a amenazar con lastimarse.&nbsp;<\/p>\n\n\n\n<p>Ante la gravedad de los hechos, intervino el\u00a0<strong>Grupo Especial de Seguridad (GES) y el Grupo de Resoluci\u00f3n de Incidentes y Secuestros (GRIS)\u00a0<\/strong>qui\u00e9n cort\u00f3 el suministro de gas, como primera medida preventiva, y luego procedieron a contener a la mujer para que sea trasladada a un centro asistencial y reciba asistencia m\u00e9dica.<\/p>\n\n\n\n<p>En cu\u00e1nto a la vivienda, llevaba varios a\u00f1os ocupada ilegalmente y los nuevos propietarios iniciaron la medida judicial para recuperar el inmueble.<\/p>\n\n\n\n<p><strong>Fuente: www.mendozapost.com<\/strong><\/p>\n","protected":false},"excerpt":{"rendered":"<p>Un intenso operativo se llev\u00f3 a cabo en la ma\u00f1ana de este mi\u00e9rcoles en el&nbsp;barrio Sargento Cabral de Las Heras. Una mujer se atrincher\u00f3 en una casa usurpada y amenazaba con atentar contra su vida. Seg\u00fan el relato de la hija, es paciente psiqu\u00ed\u00e1trica.&nbsp; El hecho comenz\u00f3 cuando personal de la&nbsp;Unidad Especial de Patrullaje&nbsp;lleg\u00f3 al [&hellip;]<\/p>\n","protected":false},"author":2,"featured_media":14427,"comment_status":"open","ping_status":"open","sticky":false,"template":"","format":"standard","meta":[],"categories":[48],"tags":[],"_links":{"self":[{"href":"https:\/\/pasaenmendoza.com\/index.php?rest_route=\/wp\/v2\/posts\/14426"}],"collection":[{"href":"https:\/\/pasaenmendoza.com\/index.php?rest_route=\/wp\/v2\/posts"}],"about":[{"href":"https:\/\/pasaenmendoza.com\/index.php?rest_route=\/wp\/v2\/types\/post"}],"author":[{"embeddable":true,"href":"https:\/\/pasaenmendoza.com\/index.php?rest_route=\/wp\/v2\/users\/2"}],"replies":[{"embeddable":true,"href":"https:\/\/pasaenmendoza.com\/index.php?rest_route=%2Fwp%2Fv2%2Fcomments&post=14426"}],"version-history":[{"count":1,"href":"https:\/\/pasaenmendoza.com\/index.php?rest_route=\/wp\/v2\/posts\/14426\/revisions"}],"predecessor-version":[{"id":14428,"href":"https:\/\/pasaenmendoza.com\/index.php?rest_route=\/wp\/v2\/posts\/14426\/revisions\/14428"}],"wp:featuredmedia":[{"embeddable":true,"href":"https:\/\/pasaenmendoza.com\/index.php?rest_route=\/wp\/v2\/media\/14427"}],"wp:attachment":[{"href":"https:\/\/pasaenmendoza.com\/index.php?rest_route=%2Fwp%2Fv2%2Fmedia&parent=14426"}],"wp:term":[{"taxonomy":"category","embeddable":true,"href":"https:\/\/pasaenmendoza.com\/index.php?rest_route=%2Fwp%2Fv2%2Fcategories&post=14426"},{"taxonomy":"post_tag","embeddable":true,"href":"https:\/\/pasaenmendoza.com\/index.php?rest_route=%2Fwp%2Fv2%2Ftags&post=14426"}],"curies":[{"name":"wp","href":"https:\/\/api.w.org\/{rel}","templated":true}]}}