{"id":14429,"date":"2025-08-27T21:58:34","date_gmt":"2025-08-27T19:58:34","guid":{"rendered":"https:\/\/pasaenmendoza.com\/?p=14429"},"modified":"2025-08-27T21:58:35","modified_gmt":"2025-08-27T19:58:35","slug":"primera-encuesta-en-mendoza-con-un-asterisco-quien-gana","status":"publish","type":"post","link":"https:\/\/pasaenmendoza.com\/?p=14429","title":{"rendered":"Primera encuesta en Mendoza con un &#8220;asterisco&#8221;: \u00bfqui\u00e9n gana?"},"content":{"rendered":"\n<p>La consultora\u00a0<strong>Reale Dalla Torre<\/strong>\u00a0public\u00f3 los resultados de un estudio de opini\u00f3n que, entre otros puntos, incluy\u00f3 la\u00a0<strong>intenci\u00f3n de voto a diputados nacionales en Mendoza<\/strong>, con una amplia ventaja para el candidato de\u00a0<strong>La Libertad Avanza<\/strong>,\u00a0<strong>Luis Petri<\/strong>.\u00a0<\/p>\n\n\n\n<p>Dos datos a tener en cuenta del sondeo de Martha Reale en Mendoza: la encuesta se realiz\u00f3 despu\u00e9s del cierre de listas, pero antes del esc\u00e1ndalo por presuntas coimas en el gobierno, desconoci\u00e9ndose qu\u00e9 efecto podr\u00eda tener en la intenci\u00f3n de votos.<\/p>\n\n\n\n<p>En relaci\u00f3n a los resultados del sondeo,\u00a0<strong>Petri<\/strong>\u00a0llega al\u00a0<strong>53,3%<\/strong>\u00a0de las preferencias, m\u00e1s de 33 puntos por encima de su inmediato competidor,\u00a0<strong>Emir F\u00e9lix<\/strong>, candidato de Fuerza Justicialista Mendoza, que alcanza el\u00a0<strong>19,8%<\/strong>, mientras que el podio lo completa\u00a0<strong>Mario Vadillo<\/strong>\u00a0(Frente Verde) con\u00a0<strong>5,3%<\/strong>.<\/p>\n\n\n\n<p>Si se ratificase este resultado en las urnas, se dar\u00eda una situaci\u00f3n in\u00e9dita para elecciones de medio t\u00e9rmino en Mendoza:\u00a0<strong>el frente ganador obtendr\u00eda 4 de las 5 bancas en juego<\/strong>, lo que permitir\u00eda el ingreso de Petri, Pamela Verasay, \u00c1lvaro Mart\u00ednez y la ignota\u00a0<strong>Julieta Metral<\/strong>, una abogada de San Rafael con perfiles de redes sociales privados o restringidos.<\/p>\n\n\n\n<p>Otro dato sorpresivo de la encuesta es que<strong>&nbsp;Jorge Difonso<\/strong>, de Provincias Unidas, aparece en el&nbsp;<strong>\u00faltimo<\/strong>&nbsp;lugar, con apenas&nbsp;<strong>1%&nbsp;<\/strong>de intenci\u00f3n de votos, por detr\u00e1s de&nbsp;<strong>Micaela Blanco Minoli<\/strong>&nbsp;(FIT-U) con<strong>&nbsp;3%<\/strong>,&nbsp;<strong>Gabriel Sottile<\/strong>&nbsp;(Frente Libertario Dem\u00f3crata) con<strong>&nbsp;1,4%<\/strong>&nbsp;e incluso&nbsp;<strong>Carolina Jacky<\/strong>&nbsp;(Protectora) con&nbsp;<strong>1,3%<\/strong>.<\/p>\n\n\n\n<p>La encuesta tambi\u00e9n muestra un 4,1% de electores que no eligen a ninguno de los candidatos y un 10,8% que a\u00fan no sabe a qui\u00e9n votar\u00e1.\u00a0 \u00a0\u00a0<\/p>\n\n\n\n<p><strong>La imagen de Cornejo<\/strong><\/p>\n\n\n\n<p>Por otra parte, la consultora de Martha Reale midi\u00f3 el nivel de aprobaci\u00f3n de\u00a0<strong>Alfredo Cornejo<\/strong>, arrojando un resultado negativo para el gobernador:\u00a0<strong>el 49,2% desaprueba su gesti\u00f3n, por encima del porcentaje que la aprueba (48,2%)<\/strong>.<\/p>\n\n\n\n<p>El\u00a0<strong>sondeo<\/strong>, que se realiz\u00f3 antes del esc\u00e1ndalo por\u00a0supuestas coimas\u00a0en el entorno del presidente,\u00a0<strong>m\u00e1s de la mitad de los mendocinos aprueba la gesti\u00f3n del presidente Javier Milei: 56,2%<\/strong>. Mientras que el 41,9% la desaprueba.\u00a0\u00a0<\/p>\n\n\n\n<p><strong>Fuente: www.mendozapost.com<\/strong><\/p>\n","protected":false},"excerpt":{"rendered":"<p>La consultora\u00a0Reale Dalla Torre\u00a0public\u00f3 los resultados de un estudio de opini\u00f3n que, entre otros puntos, incluy\u00f3 la\u00a0intenci\u00f3n de voto a diputados nacionales en Mendoza, con una amplia ventaja para el candidato de\u00a0La Libertad Avanza,\u00a0Luis Petri.\u00a0 Dos datos a tener en cuenta del sondeo de Martha Reale en Mendoza: la encuesta se realiz\u00f3 despu\u00e9s del cierre [&hellip;]<\/p>\n","protected":false},"author":2,"featured_media":14430,"comment_status":"open","ping_status":"open","sticky":false,"template":"","format":"standard","meta":[],"categories":[47],"tags":[],"_links":{"self":[{"href":"https:\/\/pasaenmendoza.com\/index.php?rest_route=\/wp\/v2\/posts\/14429"}],"collection":[{"href":"https:\/\/pasaenmendoza.com\/index.php?rest_route=\/wp\/v2\/posts"}],"about":[{"href":"https:\/\/pasaenmendoza.com\/index.php?rest_route=\/wp\/v2\/types\/post"}],"author":[{"embeddable":true,"href":"https:\/\/pasaenmendoza.com\/index.php?rest_route=\/wp\/v2\/users\/2"}],"replies":[{"embeddable":true,"href":"https:\/\/pasaenmendoza.com\/index.php?rest_route=%2Fwp%2Fv2%2Fcomments&post=14429"}],"version-history":[{"count":1,"href":"https:\/\/pasaenmendoza.com\/index.php?rest_route=\/wp\/v2\/posts\/14429\/revisions"}],"predecessor-version":[{"id":14431,"href":"https:\/\/pasaenmendoza.com\/index.php?rest_route=\/wp\/v2\/posts\/14429\/revisions\/14431"}],"wp:featuredmedia":[{"embeddable":true,"href":"https:\/\/pasaenmendoza.com\/index.php?rest_route=\/wp\/v2\/media\/14430"}],"wp:attachment":[{"href":"https:\/\/pasaenmendoza.com\/index.php?rest_route=%2Fwp%2Fv2%2Fmedia&parent=14429"}],"wp:term":[{"taxonomy":"category","embeddable":true,"href":"https:\/\/pasaenmendoza.com\/index.php?rest_route=%2Fwp%2Fv2%2Fcategories&post=14429"},{"taxonomy":"post_tag","embeddable":true,"href":"https:\/\/pasaenmendoza.com\/index.php?rest_route=%2Fwp%2Fv2%2Ftags&post=14429"}],"curies":[{"name":"wp","href":"https:\/\/api.w.org\/{rel}","templated":true}]}}