{"id":14432,"date":"2025-08-27T22:02:01","date_gmt":"2025-08-27T20:02:01","guid":{"rendered":"https:\/\/pasaenmendoza.com\/?p=14432"},"modified":"2025-08-27T22:02:01","modified_gmt":"2025-08-27T20:02:01","slug":"bicitran-sera-gratis-por-un-dia-como-y-cuando-se-podra-usar","status":"publish","type":"post","link":"https:\/\/pasaenmendoza.com\/?p=14432","title":{"rendered":"Bicitran ser\u00e1 gratis por un d\u00eda: c\u00f3mo y cu\u00e1ndo se podr\u00e1 usar"},"content":{"rendered":"\n<p>El sistema de bicicletas compartidas&nbsp;<strong>BiciTRAN<\/strong>&nbsp;cumple dos a\u00f1os y lo festeja con una propuesta especial para sus usuarios.<\/p>\n\n\n\n<p>&nbsp;El viernes 29 de agosto, de 15 a 20 horas, m\u00e1s de 550 bicicletas activas estar\u00e1n disponibles de forma libre y gratuita en toda el \u00e1rea metropolitana, exclusivamente para quienes est\u00e9n registrados en la app oficial de BiciTRAN.<\/p>\n\n\n\n<p>Durante la jornada, los usuarios podr\u00e1n disfrutar de viajes gratuitos de hasta 1 hora de duraci\u00f3n, con la posibilidad de realizar un m\u00e1ximo de 5 viajes por persona durante el d\u00eda; es importante resaltar que entre cada viaje deber\u00e1 respetarse un intervalo m\u00ednimo de 5 minutos.<\/p>\n\n\n\n<p><strong>Los n\u00fameros de BiciTRAN&nbsp;<\/strong><\/p>\n\n\n\n<p>En estos dos a\u00f1os, el sistema alcanz\u00f3 un total de 143.493 usuarios registrados, que concretaron 338.678 viajes y recorrieron m\u00e1s de 1.270.284 kil\u00f3metros, evitando la emisi\u00f3n de 34.243 kg de CO al ambiente.<\/p>\n\n\n\n<p>Actualmente, biciTRAN cuenta con m\u00e1s de 550 bicicletas activas distribuidas en 88 estaciones en toda el \u00c1rea Metropolitana.<\/p>\n\n\n\n<p>Desde su lanzamiento, BiciTRAN ha promovido el uso de la bicicleta como medio de transporte urbano sustentable y marcando un precedente hacia una ciudad m\u00e1s amigable.<\/p>\n\n\n\n<p><strong>Fuente: www.mendozapost.com<\/strong><\/p>\n","protected":false},"excerpt":{"rendered":"<p>El sistema de bicicletas compartidas&nbsp;BiciTRAN&nbsp;cumple dos a\u00f1os y lo festeja con una propuesta especial para sus usuarios. &nbsp;El viernes 29 de agosto, de 15 a 20 horas, m\u00e1s de 550 bicicletas activas estar\u00e1n disponibles de forma libre y gratuita en toda el \u00e1rea metropolitana, exclusivamente para quienes est\u00e9n registrados en la app oficial de BiciTRAN. [&hellip;]<\/p>\n","protected":false},"author":2,"featured_media":14433,"comment_status":"open","ping_status":"open","sticky":false,"template":"","format":"standard","meta":[],"categories":[50],"tags":[],"_links":{"self":[{"href":"https:\/\/pasaenmendoza.com\/index.php?rest_route=\/wp\/v2\/posts\/14432"}],"collection":[{"href":"https:\/\/pasaenmendoza.com\/index.php?rest_route=\/wp\/v2\/posts"}],"about":[{"href":"https:\/\/pasaenmendoza.com\/index.php?rest_route=\/wp\/v2\/types\/post"}],"author":[{"embeddable":true,"href":"https:\/\/pasaenmendoza.com\/index.php?rest_route=\/wp\/v2\/users\/2"}],"replies":[{"embeddable":true,"href":"https:\/\/pasaenmendoza.com\/index.php?rest_route=%2Fwp%2Fv2%2Fcomments&post=14432"}],"version-history":[{"count":1,"href":"https:\/\/pasaenmendoza.com\/index.php?rest_route=\/wp\/v2\/posts\/14432\/revisions"}],"predecessor-version":[{"id":14434,"href":"https:\/\/pasaenmendoza.com\/index.php?rest_route=\/wp\/v2\/posts\/14432\/revisions\/14434"}],"wp:featuredmedia":[{"embeddable":true,"href":"https:\/\/pasaenmendoza.com\/index.php?rest_route=\/wp\/v2\/media\/14433"}],"wp:attachment":[{"href":"https:\/\/pasaenmendoza.com\/index.php?rest_route=%2Fwp%2Fv2%2Fmedia&parent=14432"}],"wp:term":[{"taxonomy":"category","embeddable":true,"href":"https:\/\/pasaenmendoza.com\/index.php?rest_route=%2Fwp%2Fv2%2Fcategories&post=14432"},{"taxonomy":"post_tag","embeddable":true,"href":"https:\/\/pasaenmendoza.com\/index.php?rest_route=%2Fwp%2Fv2%2Ftags&post=14432"}],"curies":[{"name":"wp","href":"https:\/\/api.w.org\/{rel}","templated":true}]}}