{"id":14438,"date":"2025-08-27T23:15:19","date_gmt":"2025-08-27T21:15:19","guid":{"rendered":"https:\/\/pasaenmendoza.com\/?p=14438"},"modified":"2025-08-27T23:15:20","modified_gmt":"2025-08-27T21:15:20","slug":"el-gobierno-fijo-los-viaticos-para-autoridades-de-mesa-y-delegados-judiciales-para-las-elecciones","status":"publish","type":"post","link":"https:\/\/pasaenmendoza.com\/?p=14438","title":{"rendered":"El gobierno fij\u00f3 los vi\u00e1ticos para autoridades de mesa y delegados judiciales para las elecciones"},"content":{"rendered":"\n<p>El gobierno nacional dio a conocer este mi\u00e9rcoles los valores de los<strong>\u00a0vi\u00e1ticos<\/strong>\u00a0para las<strong>\u00a0autoridades de mesa,<\/strong>\u00a0delegados judiciales y tecnol\u00f3gicos que se desempe\u00f1ar\u00e1n en las<strong>\u00a0elecciones<\/strong>\u00a0del 26 de octubre. La novedad se public\u00f3 en el Bolet\u00edn Oficial, a trav\u00e9s de la Resoluci\u00f3n 347\/2025.<\/p>\n\n\n\n<p>En Mendoza, las<strong>&nbsp;elecciones<\/strong>&nbsp;nacionales ser\u00e1n el mismo d\u00eda que las provinciales y se est\u00e1 llevando adelante una compleja log\u00edstica para la instrumentaci\u00f3n de las boletas, por lo que se emplear\u00e1 un presupuesto que divida los gastos, entre la estructura nacional y provincial.<\/p>\n\n\n\n<p>Desde el gobierno de\u00a0<strong>Alfredo Cornejo\u00a0<\/strong>indicaron que ultiman los detalles del costo de las elecciones y c\u00f3mo ser\u00e1 la log\u00edstica que quedar\u00e1 a cargo del Correo Argentino.<\/p>\n\n\n\n<h2 class=\"wp-block-heading\">Cu\u00e1nto cobrar\u00e1n autoridades de mesa y delegados en estas elecciones<\/h2>\n\n\n\n<p>Los montos van de los $40.000 hasta los $120.000, dependiendo el rol para el que fue designado y si tuvo que realizar una capacitaci\u00f3n previa.<\/p>\n\n\n\n<ul>\n<li><strong>Autoridades de mesa:<\/strong>&nbsp;$40.000.<\/li>\n\n\n\n<li><strong>Autoridades de mesa con capacitaci\u00f3n previa:<\/strong>&nbsp;$40.000 adicionales.<\/li>\n\n\n\n<li><strong>Delegados judiciales:<\/strong>&nbsp;$80.000.<\/li>\n\n\n\n<li><strong>Delegados judiciales que presenten reportes e incidencias:<\/strong>&nbsp;$40.000 adicionales.<\/li>\n\n\n\n<li><strong>Delegados tecnol\u00f3gicos (verificaci\u00f3n biom\u00e9trica):<\/strong>&nbsp;$120.000.<\/li>\n<\/ul>\n\n\n\n<p>La&nbsp;<strong>Justicia Nacional Electoral<\/strong>&nbsp;ser\u00e1 la encargada de verificar el cumplimiento de funciones y remitir la n\u00f3mina de beneficiarios al Correo Argentino.<\/p>\n\n\n\n<p>Los pagos podr\u00e1n realizarse por&nbsp;<strong>transferencia bancaria, billetera virtual, aplicaci\u00f3n del Correo Argentino o en sus sedes f\u00edsicas<\/strong>, y los beneficiarios tendr\u00e1n&nbsp;<strong>12 meses<\/strong>&nbsp;para cobrar los vi\u00e1ticos.<\/p>\n\n\n\n<h2 class=\"wp-block-heading\">Los medios de pago por participar en las elecciones 2025<\/h2>\n\n\n\n<p>La medida tambi\u00e9n establece que todas esas personas puedan percibir ese dinero&nbsp;<strong>por transferencia bancaria o en billeteras virtuales propias<\/strong>. \u201cLa evoluci\u00f3n en el uso de aplicaciones para dispositivos m\u00f3viles vuelve imprescindible contemplar la puesta a disposici\u00f3n de una opci\u00f3n que permita a los ciudadanos ejercer su derecho a percibir los&nbsp;<strong>vi\u00e1ticos<\/strong>&nbsp;liquidados a su favor de forma electr\u00f3nica, r\u00e1pida y segura\u201d, indica la Resoluci\u00f3n.<\/p>\n\n\n\n<p>De todas maneras, los ciudadanos incluidos en esta norma tambi\u00e9n podr\u00e1n optar por el\u00a0<strong>pago mediante la aplicaci\u00f3n de Correo Argentino<\/strong>\u00a0o en forma presencial en distintas sedes de esa misma entidad.<\/p>\n\n\n\n<p><strong>Fuente: www.diariouno.com.ar<\/strong><\/p>\n","protected":false},"excerpt":{"rendered":"<p>El gobierno nacional dio a conocer este mi\u00e9rcoles los valores de los\u00a0vi\u00e1ticos\u00a0para las\u00a0autoridades de mesa,\u00a0delegados judiciales y tecnol\u00f3gicos que se desempe\u00f1ar\u00e1n en las\u00a0elecciones\u00a0del 26 de octubre. La novedad se public\u00f3 en el Bolet\u00edn Oficial, a trav\u00e9s de la Resoluci\u00f3n 347\/2025. En Mendoza, las&nbsp;elecciones&nbsp;nacionales ser\u00e1n el mismo d\u00eda que las provinciales y se est\u00e1 llevando adelante [&hellip;]<\/p>\n","protected":false},"author":2,"featured_media":14439,"comment_status":"open","ping_status":"open","sticky":false,"template":"","format":"standard","meta":[],"categories":[47],"tags":[],"_links":{"self":[{"href":"https:\/\/pasaenmendoza.com\/index.php?rest_route=\/wp\/v2\/posts\/14438"}],"collection":[{"href":"https:\/\/pasaenmendoza.com\/index.php?rest_route=\/wp\/v2\/posts"}],"about":[{"href":"https:\/\/pasaenmendoza.com\/index.php?rest_route=\/wp\/v2\/types\/post"}],"author":[{"embeddable":true,"href":"https:\/\/pasaenmendoza.com\/index.php?rest_route=\/wp\/v2\/users\/2"}],"replies":[{"embeddable":true,"href":"https:\/\/pasaenmendoza.com\/index.php?rest_route=%2Fwp%2Fv2%2Fcomments&post=14438"}],"version-history":[{"count":1,"href":"https:\/\/pasaenmendoza.com\/index.php?rest_route=\/wp\/v2\/posts\/14438\/revisions"}],"predecessor-version":[{"id":14440,"href":"https:\/\/pasaenmendoza.com\/index.php?rest_route=\/wp\/v2\/posts\/14438\/revisions\/14440"}],"wp:featuredmedia":[{"embeddable":true,"href":"https:\/\/pasaenmendoza.com\/index.php?rest_route=\/wp\/v2\/media\/14439"}],"wp:attachment":[{"href":"https:\/\/pasaenmendoza.com\/index.php?rest_route=%2Fwp%2Fv2%2Fmedia&parent=14438"}],"wp:term":[{"taxonomy":"category","embeddable":true,"href":"https:\/\/pasaenmendoza.com\/index.php?rest_route=%2Fwp%2Fv2%2Fcategories&post=14438"},{"taxonomy":"post_tag","embeddable":true,"href":"https:\/\/pasaenmendoza.com\/index.php?rest_route=%2Fwp%2Fv2%2Ftags&post=14438"}],"curies":[{"name":"wp","href":"https:\/\/api.w.org\/{rel}","templated":true}]}}