{"id":14441,"date":"2025-08-27T23:18:02","date_gmt":"2025-08-27T21:18:02","guid":{"rendered":"https:\/\/pasaenmendoza.com\/?p=14441"},"modified":"2025-08-27T23:18:03","modified_gmt":"2025-08-27T21:18:03","slug":"un-joven-fue-embestido-por-un-colectivo-en-lujan-de-cuyo-y-termino-con-politraumatismos","status":"publish","type":"post","link":"https:\/\/pasaenmendoza.com\/?p=14441","title":{"rendered":"Un joven fue embestido por un colectivo en Luj\u00e1n de Cuyo y termin\u00f3 con politraumatismos"},"content":{"rendered":"\n<p>La tranquilidad del mediod\u00eda en\u00a0<strong>Luj\u00e1n de Cuyo<\/strong>\u00a0se interrumpi\u00f3 este mi\u00e9rcoles tras un\u00a0<strong>accidente\u00a0vial<\/strong>\u00a0que dej\u00f3 a un\u00a0<strong>adolescente de 17 a\u00f1os<\/strong>\u00a0con heridas de consideraci\u00f3n.<\/p>\n\n\n\n<p>El episodio se produjo cerca de las\u00a0<strong>13 horas<\/strong>, en la esquina de\u00a0<strong>calle Taboada<\/strong>\u00a0y\u00a0<strong>Roque S\u00e1enz Pe\u00f1a<\/strong>, cuando un\u00a0<strong>colectivo del\u00a0Grupo 700, interno 56<\/strong>, colision\u00f3 contra la\u00a0<strong>bicicleta<\/strong>\u00a0en la que se desplazaba el menor.<\/p>\n\n\n\n<p>De acuerdo con los primeros datos aportados por\u00a0<strong>fuentes policiales<\/strong>, el joven circulaba por la\u00a0<strong>ciclov\u00eda<\/strong>\u00a0de S\u00e1enz Pe\u00f1a y, al intentar doblar hacia\u00a0<strong>Taboada<\/strong>, no advirti\u00f3 la cercan\u00eda del rodado mayor, lo que desencaden\u00f3 el impacto.<\/p>\n\n\n\n<p>R\u00e1pidamente, arrib\u00f3 al lugar personal del\u00a0<strong>Servicio de Emergencias Coordinado (SEC)<\/strong>, que asisti\u00f3 al ciclista y diagnostic\u00f3\u00a0<strong>politraumatismos moderados<\/strong>. Debido a su estado, fue derivado al\u00a0<strong>Hospital Santa Isabel de Hungr\u00eda<\/strong>\u00a0para una atenci\u00f3n m\u00e1s exhaustiva.<\/p>\n\n\n\n<p>Por su parte, al&nbsp;<strong>chofer del colectivo<\/strong>, un hombre de&nbsp;<strong>40 a\u00f1os<\/strong>, se le practic\u00f3 el&nbsp;<strong>test de alcoholemia<\/strong>, el cual arroj\u00f3 resultado&nbsp;<strong>negativo<\/strong>, descartando la ingesta de alcohol como causa del siniestro.<\/p>\n\n\n\n<p>El hecho se encuentra bajo investigaci\u00f3n para determinar con precisi\u00f3n la\u00a0<strong>din\u00e1mica del accidente<\/strong>\u00a0y eventuales responsabilidades.<\/p>\n\n\n\n<p><strong>Fuente: www.diariomendoza.com.ar<\/strong><\/p>\n","protected":false},"excerpt":{"rendered":"<p>La tranquilidad del mediod\u00eda en\u00a0Luj\u00e1n de Cuyo\u00a0se interrumpi\u00f3 este mi\u00e9rcoles tras un\u00a0accidente\u00a0vial\u00a0que dej\u00f3 a un\u00a0adolescente de 17 a\u00f1os\u00a0con heridas de consideraci\u00f3n. El episodio se produjo cerca de las\u00a013 horas, en la esquina de\u00a0calle Taboada\u00a0y\u00a0Roque S\u00e1enz Pe\u00f1a, cuando un\u00a0colectivo del\u00a0Grupo 700, interno 56, colision\u00f3 contra la\u00a0bicicleta\u00a0en la que se desplazaba el menor. De acuerdo con los [&hellip;]<\/p>\n","protected":false},"author":2,"featured_media":14442,"comment_status":"open","ping_status":"open","sticky":false,"template":"","format":"standard","meta":[],"categories":[48],"tags":[],"_links":{"self":[{"href":"https:\/\/pasaenmendoza.com\/index.php?rest_route=\/wp\/v2\/posts\/14441"}],"collection":[{"href":"https:\/\/pasaenmendoza.com\/index.php?rest_route=\/wp\/v2\/posts"}],"about":[{"href":"https:\/\/pasaenmendoza.com\/index.php?rest_route=\/wp\/v2\/types\/post"}],"author":[{"embeddable":true,"href":"https:\/\/pasaenmendoza.com\/index.php?rest_route=\/wp\/v2\/users\/2"}],"replies":[{"embeddable":true,"href":"https:\/\/pasaenmendoza.com\/index.php?rest_route=%2Fwp%2Fv2%2Fcomments&post=14441"}],"version-history":[{"count":1,"href":"https:\/\/pasaenmendoza.com\/index.php?rest_route=\/wp\/v2\/posts\/14441\/revisions"}],"predecessor-version":[{"id":14443,"href":"https:\/\/pasaenmendoza.com\/index.php?rest_route=\/wp\/v2\/posts\/14441\/revisions\/14443"}],"wp:featuredmedia":[{"embeddable":true,"href":"https:\/\/pasaenmendoza.com\/index.php?rest_route=\/wp\/v2\/media\/14442"}],"wp:attachment":[{"href":"https:\/\/pasaenmendoza.com\/index.php?rest_route=%2Fwp%2Fv2%2Fmedia&parent=14441"}],"wp:term":[{"taxonomy":"category","embeddable":true,"href":"https:\/\/pasaenmendoza.com\/index.php?rest_route=%2Fwp%2Fv2%2Fcategories&post=14441"},{"taxonomy":"post_tag","embeddable":true,"href":"https:\/\/pasaenmendoza.com\/index.php?rest_route=%2Fwp%2Fv2%2Ftags&post=14441"}],"curies":[{"name":"wp","href":"https:\/\/api.w.org\/{rel}","templated":true}]}}