{"id":14444,"date":"2025-08-27T23:21:24","date_gmt":"2025-08-27T21:21:24","guid":{"rendered":"https:\/\/pasaenmendoza.com\/?p=14444"},"modified":"2025-08-27T23:21:25","modified_gmt":"2025-08-27T21:21:25","slug":"otro-sismo-muy-cercano-al-cerro-mercedario-puso-en-alerta-a-todo-el-norte-mendocino","status":"publish","type":"post","link":"https:\/\/pasaenmendoza.com\/?p=14444","title":{"rendered":"Otro sismo muy cercano al Cerro Mercedario puso en alerta a todo el norte mendocino"},"content":{"rendered":"\n<p>El\u00a0<strong>Instituto Nacional de Prevenci\u00f3n S\u00edsmica (INPRES)\u00a0<\/strong>inform\u00f3 que un nuevo movimiento tel\u00farico se produjo este mi\u00e9rcoles en el sur de\u00a0<strong>San Juan<\/strong>\u00a0y se sinti\u00f3 con cierta intensidad en varias zonas de\u00a0<strong>Mendoza<\/strong>, sobre todo en la regi\u00f3n norte y metropolitana.<\/p>\n\n\n\n<p>El\u00a0<strong>sismo\u00a0<\/strong>se registr\u00f3 a las\u00a0<strong>7.14\u00a0<\/strong>y fue de<strong>\u00a02.7 grados<\/strong>. El epicentro se ubic\u00f3 muy cerca del\u00a0<strong>Cerro Mercedario<\/strong>, casi en el l\u00edmite con\u00a0<strong>Las Heras<\/strong>. El temblor se origin\u00f3 a una profundidad de\u00a0<strong>115 kil\u00f3metros<\/strong>, raz\u00f3n por la cual se alcanz\u00f3 a percibir en varios sectores del Gran Mendoza.\u00a0<\/p>\n\n\n\n<p>Este sismo en la provincia vecina se suma a otros que se registraron en Mendoza en los \u00faltimos d\u00edas, y ocasionaron cierta alarma en la poblaci\u00f3n.<\/p>\n\n\n\n<h3 class=\"wp-block-heading\"><strong>Respuesta y vigilancia s\u00edsmica<\/strong><\/h3>\n\n\n\n<p>Las autoridades locales y el<strong>&nbsp;INPRES<\/strong>&nbsp;han estado vigilantes ante la actividad s\u00edsmica en la regi\u00f3n. A pesar de que este sismo en particular no gener\u00f3 da\u00f1os significativos debido a su baja magnitud, su ubicaci\u00f3n cercana a centros poblados y la frecuencia de los eventos s\u00edsmicos en la regi\u00f3n sur de Argentina han llevado a un seguimiento constante por parte de las autoridades.<\/p>\n\n\n\n<p>Es importante destacar que Argentina se encuentra en una regi\u00f3n s\u00edsmicamente activa debido a la convergencia de placas tect\u00f3nicas, lo que hace que los sismos sean una realidad recurrente. Las instituciones como el<strong>\u00a0INPRES<\/strong>\u00a0desempe\u00f1an un papel fundamental en la monitorizaci\u00f3n y el an\u00e1lisis de estos eventos para garantizar la seguridad de la poblaci\u00f3n y la infraestructura.<\/p>\n\n\n\n<p><strong>Fuente: www.diariomendoza.com.ar<\/strong><\/p>\n","protected":false},"excerpt":{"rendered":"<p>El\u00a0Instituto Nacional de Prevenci\u00f3n S\u00edsmica (INPRES)\u00a0inform\u00f3 que un nuevo movimiento tel\u00farico se produjo este mi\u00e9rcoles en el sur de\u00a0San Juan\u00a0y se sinti\u00f3 con cierta intensidad en varias zonas de\u00a0Mendoza, sobre todo en la regi\u00f3n norte y metropolitana. El\u00a0sismo\u00a0se registr\u00f3 a las\u00a07.14\u00a0y fue de\u00a02.7 grados. El epicentro se ubic\u00f3 muy cerca del\u00a0Cerro Mercedario, casi en el [&hellip;]<\/p>\n","protected":false},"author":2,"featured_media":14445,"comment_status":"open","ping_status":"open","sticky":false,"template":"","format":"standard","meta":[],"categories":[63],"tags":[],"_links":{"self":[{"href":"https:\/\/pasaenmendoza.com\/index.php?rest_route=\/wp\/v2\/posts\/14444"}],"collection":[{"href":"https:\/\/pasaenmendoza.com\/index.php?rest_route=\/wp\/v2\/posts"}],"about":[{"href":"https:\/\/pasaenmendoza.com\/index.php?rest_route=\/wp\/v2\/types\/post"}],"author":[{"embeddable":true,"href":"https:\/\/pasaenmendoza.com\/index.php?rest_route=\/wp\/v2\/users\/2"}],"replies":[{"embeddable":true,"href":"https:\/\/pasaenmendoza.com\/index.php?rest_route=%2Fwp%2Fv2%2Fcomments&post=14444"}],"version-history":[{"count":1,"href":"https:\/\/pasaenmendoza.com\/index.php?rest_route=\/wp\/v2\/posts\/14444\/revisions"}],"predecessor-version":[{"id":14446,"href":"https:\/\/pasaenmendoza.com\/index.php?rest_route=\/wp\/v2\/posts\/14444\/revisions\/14446"}],"wp:featuredmedia":[{"embeddable":true,"href":"https:\/\/pasaenmendoza.com\/index.php?rest_route=\/wp\/v2\/media\/14445"}],"wp:attachment":[{"href":"https:\/\/pasaenmendoza.com\/index.php?rest_route=%2Fwp%2Fv2%2Fmedia&parent=14444"}],"wp:term":[{"taxonomy":"category","embeddable":true,"href":"https:\/\/pasaenmendoza.com\/index.php?rest_route=%2Fwp%2Fv2%2Fcategories&post=14444"},{"taxonomy":"post_tag","embeddable":true,"href":"https:\/\/pasaenmendoza.com\/index.php?rest_route=%2Fwp%2Fv2%2Ftags&post=14444"}],"curies":[{"name":"wp","href":"https:\/\/api.w.org\/{rel}","templated":true}]}}