{"id":1445,"date":"2023-09-14T14:18:57","date_gmt":"2023-09-14T12:18:57","guid":{"rendered":"https:\/\/pasaenmendoza.com\/?p=1445"},"modified":"2023-09-14T14:18:58","modified_gmt":"2023-09-14T12:18:58","slug":"graban-a-militancia-de-de-marchi-danando-carteles-del-peronista-parisi","status":"publish","type":"post","link":"https:\/\/pasaenmendoza.com\/?p=1445","title":{"rendered":"Graban a militancia de De Marchi da\u00f1ando carteles del peronista Parisi"},"content":{"rendered":"\n<p>No cesa la campa\u00f1a sucia y las peores pr\u00e1cticas, aun desde los que se presentan como &#8220;lo nuevo&#8221;. Aqu\u00ed, el video posteado por la candidata a intendenta de Guaymall\u00e9n, Natalia Vicencio.<\/p>\n\n\n\n<p>La candidata a intendenta de Guaymall\u00e9n del Frente Eleg\u00ed, la lista oficial del Partido Justicialista de Mendoza, Natalia Vicencio, denunci\u00f3 en redes sociales con un video, que los militantes de Omar De Marchi en La Uni\u00f3n Mendocina derriban sus carteles para colocar los del candidato local y actual legislador Gabriel Pradines.<\/p>\n\n\n\n<p>&#8220;La gente de Gabriel Pradines es el lado B del cornejismo, lleva adelante una campa\u00f1a sucia y violenta en las calles&#8221;, dijo Vicencio al denunciar los hechos.<\/p>\n\n\n\n<p>En el video muestra el accionar de La Uni\u00f3n Mendocina y documenta el veh\u00edculo desde el cual se perpetra la campa\u00f1a sucia.<\/p>\n\n\n\n<p>Asimismo, opin\u00f3 que &#8220;las contiendas electorales deben ser claras y en el marco del respeto&#8221;.&nbsp;<\/p>\n\n\n\n<p>Finalmente, remarc\u00f3 que es &#8220;una verg\u00fcenza lo que hace Omar De Marchi&#8221;:<\/p>\n\n\n\n<h3 class=\"wp-block-heading\">ambi\u00e9n en Las Heras<\/h3>\n\n\n\n<p>En tanto, el plan de derribar los anuncios de sus contrincantes pareci\u00f3 continuar en Las Heras.All\u00ed fue el concejal radical Hern\u00e1n Quevedo quien denunci\u00f3 la misma maniobra de parte de los seguidores del intendente Daniel Orozco, que ya tiene sobre s\u00ed, su pareja y su equipo numerosas denuncias judiciales por proceder il\u00edcito.<\/p>\n\n\n\n<p>El edil sostuvo al mostrar otro video de similares caracter\u00edsticas al que exhibi\u00f3 Vicencio: &#8220;La Uni\u00f3n Mendocina no respeta los c\u00f3digos b\u00e1sicos del proceso electoral. En El Algarrobal,bajaron carteler\u00eda de Francisco Lo Presti en una camioneta municipal. En el v\u00eddeo se ven a empleados municipales de Cedrys y de Obras. Repudiamos estos actos de vandalismo&#8221;.\u00a0<\/p>\n\n\n\n<p>FUENTE: memo.com.ar<\/p>\n","protected":false},"excerpt":{"rendered":"<p>No cesa la campa\u00f1a sucia y las peores pr\u00e1cticas, aun desde los que se presentan como &#8220;lo nuevo&#8221;. Aqu\u00ed, el video posteado por la candidata a intendenta de Guaymall\u00e9n, Natalia Vicencio. La candidata a intendenta de Guaymall\u00e9n del Frente Eleg\u00ed, la lista oficial del Partido Justicialista de Mendoza, Natalia Vicencio, denunci\u00f3 en redes sociales con [&hellip;]<\/p>\n","protected":false},"author":2,"featured_media":1446,"comment_status":"open","ping_status":"open","sticky":true,"template":"","format":"standard","meta":[],"categories":[47],"tags":[],"_links":{"self":[{"href":"https:\/\/pasaenmendoza.com\/index.php?rest_route=\/wp\/v2\/posts\/1445"}],"collection":[{"href":"https:\/\/pasaenmendoza.com\/index.php?rest_route=\/wp\/v2\/posts"}],"about":[{"href":"https:\/\/pasaenmendoza.com\/index.php?rest_route=\/wp\/v2\/types\/post"}],"author":[{"embeddable":true,"href":"https:\/\/pasaenmendoza.com\/index.php?rest_route=\/wp\/v2\/users\/2"}],"replies":[{"embeddable":true,"href":"https:\/\/pasaenmendoza.com\/index.php?rest_route=%2Fwp%2Fv2%2Fcomments&post=1445"}],"version-history":[{"count":1,"href":"https:\/\/pasaenmendoza.com\/index.php?rest_route=\/wp\/v2\/posts\/1445\/revisions"}],"predecessor-version":[{"id":1447,"href":"https:\/\/pasaenmendoza.com\/index.php?rest_route=\/wp\/v2\/posts\/1445\/revisions\/1447"}],"wp:featuredmedia":[{"embeddable":true,"href":"https:\/\/pasaenmendoza.com\/index.php?rest_route=\/wp\/v2\/media\/1446"}],"wp:attachment":[{"href":"https:\/\/pasaenmendoza.com\/index.php?rest_route=%2Fwp%2Fv2%2Fmedia&parent=1445"}],"wp:term":[{"taxonomy":"category","embeddable":true,"href":"https:\/\/pasaenmendoza.com\/index.php?rest_route=%2Fwp%2Fv2%2Fcategories&post=1445"},{"taxonomy":"post_tag","embeddable":true,"href":"https:\/\/pasaenmendoza.com\/index.php?rest_route=%2Fwp%2Fv2%2Ftags&post=1445"}],"curies":[{"name":"wp","href":"https:\/\/api.w.org\/{rel}","templated":true}]}}