{"id":14450,"date":"2025-08-28T16:27:16","date_gmt":"2025-08-28T14:27:16","guid":{"rendered":"https:\/\/pasaenmendoza.com\/?p=14450"},"modified":"2025-08-28T16:27:17","modified_gmt":"2025-08-28T14:27:17","slug":"el-tiempo-en-mendoza-para-este-jueves-ultimo-dia-de-esta-mini-primavera","status":"publish","type":"post","link":"https:\/\/pasaenmendoza.com\/?p=14450","title":{"rendered":"El tiempo en Mendoza para este jueves: \u00faltimo d\u00eda de esta mini primavera"},"content":{"rendered":"\n<p>La temperatura m\u00e1xima para este jueves subir\u00e1 a los 24 grados cent\u00edgrados, mientras que la m\u00ednima se ubicar\u00e1 en los 9 grados cent\u00edgrados.<\/p>\n\n\n\n<p>Se espera para la jornada \u201c<em>tiempo bueno, cielo algo nublado con poco cambio de la temperatura, vientos leves del noreste<\/em>\u201c.<\/p>\n\n\n\n<p>Habr\u00e1 circulaci\u00f3n de viento norte que se extender\u00e1 por la zona Este desde las 10, luego Valle de Uco y zona Sur. Tendr\u00e1 mayor intensidad despu\u00e9s de las 14 en la franja este con una velocidad estimada de 40 kil\u00f3metros por hora. Se mantendr\u00e1 hasta las 22.<\/p>\n\n\n\n<p>El tiempo en la alta monta\u00f1a: \u201c<em>Poco nuboso en cordillera<\/em>\u201c.<\/p>\n\n\n\n<p>Es el \u00faltimo d\u00eda primaveral, ya que el viernes ingresar\u00e1 una masa de viento sur que cambiar\u00e1 la temperatura para el fin de semana.<\/p>\n\n\n\n<p><strong>Fuente: www.elsol.com.ar<\/strong><\/p>\n","protected":false},"excerpt":{"rendered":"<p>La temperatura m\u00e1xima para este jueves subir\u00e1 a los 24 grados cent\u00edgrados, mientras que la m\u00ednima se ubicar\u00e1 en los 9 grados cent\u00edgrados. Se espera para la jornada \u201ctiempo bueno, cielo algo nublado con poco cambio de la temperatura, vientos leves del noreste\u201c. Habr\u00e1 circulaci\u00f3n de viento norte que se extender\u00e1 por la zona Este [&hellip;]<\/p>\n","protected":false},"author":2,"featured_media":14451,"comment_status":"open","ping_status":"open","sticky":false,"template":"","format":"standard","meta":[],"categories":[52],"tags":[],"_links":{"self":[{"href":"https:\/\/pasaenmendoza.com\/index.php?rest_route=\/wp\/v2\/posts\/14450"}],"collection":[{"href":"https:\/\/pasaenmendoza.com\/index.php?rest_route=\/wp\/v2\/posts"}],"about":[{"href":"https:\/\/pasaenmendoza.com\/index.php?rest_route=\/wp\/v2\/types\/post"}],"author":[{"embeddable":true,"href":"https:\/\/pasaenmendoza.com\/index.php?rest_route=\/wp\/v2\/users\/2"}],"replies":[{"embeddable":true,"href":"https:\/\/pasaenmendoza.com\/index.php?rest_route=%2Fwp%2Fv2%2Fcomments&post=14450"}],"version-history":[{"count":1,"href":"https:\/\/pasaenmendoza.com\/index.php?rest_route=\/wp\/v2\/posts\/14450\/revisions"}],"predecessor-version":[{"id":14452,"href":"https:\/\/pasaenmendoza.com\/index.php?rest_route=\/wp\/v2\/posts\/14450\/revisions\/14452"}],"wp:featuredmedia":[{"embeddable":true,"href":"https:\/\/pasaenmendoza.com\/index.php?rest_route=\/wp\/v2\/media\/14451"}],"wp:attachment":[{"href":"https:\/\/pasaenmendoza.com\/index.php?rest_route=%2Fwp%2Fv2%2Fmedia&parent=14450"}],"wp:term":[{"taxonomy":"category","embeddable":true,"href":"https:\/\/pasaenmendoza.com\/index.php?rest_route=%2Fwp%2Fv2%2Fcategories&post=14450"},{"taxonomy":"post_tag","embeddable":true,"href":"https:\/\/pasaenmendoza.com\/index.php?rest_route=%2Fwp%2Fv2%2Ftags&post=14450"}],"curies":[{"name":"wp","href":"https:\/\/api.w.org\/{rel}","templated":true}]}}