{"id":14453,"date":"2025-08-28T16:31:35","date_gmt":"2025-08-28T14:31:35","guid":{"rendered":"https:\/\/pasaenmendoza.com\/?p=14453"},"modified":"2025-08-28T16:31:36","modified_gmt":"2025-08-28T14:31:36","slug":"tormenta-de-santa-rosa-desde-que-hora-y-que-zonas-afectara","status":"publish","type":"post","link":"https:\/\/pasaenmendoza.com\/?p=14453","title":{"rendered":"Tormenta de Santa Rosa: desde qu\u00e9 hora y qu\u00e9 zonas afectar\u00e1"},"content":{"rendered":"\n<p>La tradicional&nbsp;<strong>tormenta de Santa Rosa<\/strong>&nbsp;se har\u00e1 sentir una vez m\u00e1s en Mendoza y vendr\u00e1 acompa\u00f1ada de<strong>&nbsp;bajas temperaturas, lluvia y nevadas intensas&nbsp;<\/strong>en algunas zonas de la provincia. El fen\u00f3meno tendr\u00e1 lugar desde el viernes 29 de agosto y seg\u00fan las previsiones meteorol\u00f3gicas, se mantendr\u00e1 incluso hasta el 31.<\/p>\n\n\n\n<p>Este fen\u00f3meno clim\u00e1tico es esperado para finales de agosto y principios de septiembre,\u00a0<strong>espec\u00edficamente el 30 de agosto<\/strong>, fecha en que se conmemora<strong>\u00a0la muerte de Santa Rosa de Lima.<\/strong>\u00a0La tormenta de Santa Rosa suele ser causada por la\u00a0<strong>colisi\u00f3n de masas de aire c\u00e1lido y h\u00famedo provenientes del norte con frentes fr\u00edos del invierno<\/strong>, creando condiciones atmosf\u00e9ricas inestables cuya interacci\u00f3n puede generar tormentas severas, pero su impacto var\u00eda seg\u00fan la regi\u00f3n.<\/p>\n\n\n\n<h2 class=\"wp-block-heading\" id=\"h-que-dice-el-pronostico-para-mendoza\">Qu\u00e9 dice el pron\u00f3stico para Mendoza<\/h2>\n\n\n\n<p>Este a\u00f1o, seg\u00fan expresa la Direcci\u00f3n de Contingencias Clim\u00e1ticas de Mendoza,&nbsp;<strong>la tormenta llegar\u00e1 con la intensidad que la caracteriza<\/strong>. El&nbsp;<strong>viernes 29<\/strong>&nbsp;el pron\u00f3stico indica&nbsp;el ingreso de un frente fr\u00edo desde las 14 horas en zona Sur y Valle de Uco, alcanzando zona Norte y Este cerca de las 15 horas.<\/p>\n\n\n\n<p><em>\u201cSe registrar\u00e1 viento d\u00e9bil a moderado constante desde el sur que se intensificar\u00e1 durante la madrugada del s\u00e1bado, alcanzando velocidades sostenidas de 35 kil\u00f3metros por hora\u201d<\/em>, destacan desde Defensa Civil.<\/p>\n\n\n\n<p><em>\u201cA partir de las 16 horas se notar\u00e1 un incremento de nubosidad con&nbsp;<strong>precipitaciones, comenzando en Malarg\u00fce y Oeste del Valle de Uco<\/strong>. Hacia las 19 horas extensi\u00f3n de nubosidad a zona Este. Durante la noche,&nbsp;<strong>precipitaciones en todo Valle de Uco, Malarg\u00fce y Oeste del Gran Mendoza.<\/strong>&nbsp;Probabilidad de&nbsp;<strong>precipitaciones en Gran Mendoza durante la noche y madrugada.<\/strong>&nbsp;Zona Este con menor probabilidad de precipitaciones pero manteni\u00e9ndose nublado\u201d<\/em>, agregaron desde el organismo provincial.<\/p>\n\n\n\n<p>El\u00a0<strong>s\u00e1bado 30<\/strong>\u00a0amanece\u00a0<strong>ventoso y fr\u00edo desde el sur<\/strong>. La temperatura m\u00e1xima no superar\u00e1 los 9-10\u00b0C. Se registrar\u00e1n\u00a0<strong>precipitaciones importantes<\/strong>\u00a0en Valle de Uco, Gran Mendoza y zona Sur con<strong>\u00a0probabilidad de granizo<\/strong>\u00a0peque\u00f1o en zona Sur durante la tarde.<\/p>\n\n\n\n<p>El\u00a0<strong>domingo 31<\/strong>\u00a0se mantendr\u00e1n las\u00a0<strong>precipitaciones generalizadas<\/strong>\u00a0hasta el mediod\u00eda con\u00a0<strong>inestabilidad<\/strong>.<\/p>\n\n\n\n<p><strong>Fuente: www.elsol.com.ar<\/strong><\/p>\n","protected":false},"excerpt":{"rendered":"<p>La tradicional&nbsp;tormenta de Santa Rosa&nbsp;se har\u00e1 sentir una vez m\u00e1s en Mendoza y vendr\u00e1 acompa\u00f1ada de&nbsp;bajas temperaturas, lluvia y nevadas intensas&nbsp;en algunas zonas de la provincia. El fen\u00f3meno tendr\u00e1 lugar desde el viernes 29 de agosto y seg\u00fan las previsiones meteorol\u00f3gicas, se mantendr\u00e1 incluso hasta el 31. Este fen\u00f3meno clim\u00e1tico es esperado para finales de [&hellip;]<\/p>\n","protected":false},"author":2,"featured_media":14454,"comment_status":"open","ping_status":"open","sticky":false,"template":"","format":"standard","meta":[],"categories":[50],"tags":[],"_links":{"self":[{"href":"https:\/\/pasaenmendoza.com\/index.php?rest_route=\/wp\/v2\/posts\/14453"}],"collection":[{"href":"https:\/\/pasaenmendoza.com\/index.php?rest_route=\/wp\/v2\/posts"}],"about":[{"href":"https:\/\/pasaenmendoza.com\/index.php?rest_route=\/wp\/v2\/types\/post"}],"author":[{"embeddable":true,"href":"https:\/\/pasaenmendoza.com\/index.php?rest_route=\/wp\/v2\/users\/2"}],"replies":[{"embeddable":true,"href":"https:\/\/pasaenmendoza.com\/index.php?rest_route=%2Fwp%2Fv2%2Fcomments&post=14453"}],"version-history":[{"count":1,"href":"https:\/\/pasaenmendoza.com\/index.php?rest_route=\/wp\/v2\/posts\/14453\/revisions"}],"predecessor-version":[{"id":14455,"href":"https:\/\/pasaenmendoza.com\/index.php?rest_route=\/wp\/v2\/posts\/14453\/revisions\/14455"}],"wp:featuredmedia":[{"embeddable":true,"href":"https:\/\/pasaenmendoza.com\/index.php?rest_route=\/wp\/v2\/media\/14454"}],"wp:attachment":[{"href":"https:\/\/pasaenmendoza.com\/index.php?rest_route=%2Fwp%2Fv2%2Fmedia&parent=14453"}],"wp:term":[{"taxonomy":"category","embeddable":true,"href":"https:\/\/pasaenmendoza.com\/index.php?rest_route=%2Fwp%2Fv2%2Fcategories&post=14453"},{"taxonomy":"post_tag","embeddable":true,"href":"https:\/\/pasaenmendoza.com\/index.php?rest_route=%2Fwp%2Fv2%2Ftags&post=14453"}],"curies":[{"name":"wp","href":"https:\/\/api.w.org\/{rel}","templated":true}]}}