{"id":14456,"date":"2025-08-28T16:34:37","date_gmt":"2025-08-28T14:34:37","guid":{"rendered":"https:\/\/pasaenmendoza.com\/?p=14456"},"modified":"2025-08-28T16:34:38","modified_gmt":"2025-08-28T14:34:38","slug":"un-colectivo-derrapo-en-el-acceso-sur-y-hay-pasajeros-heridos","status":"publish","type":"post","link":"https:\/\/pasaenmendoza.com\/?p=14456","title":{"rendered":"Un colectivo derrap\u00f3 en el Acceso Sur y hay pasajeros heridos"},"content":{"rendered":"\n<p>Un<strong>&nbsp;colectivo de la l\u00ednea Grupo 700, recorrido 760<\/strong>, colision\u00f3 este jueves a las 7:05 contra un poste y un guardarra\u00edl en el lateral Este del Acceso Sur, a la altura de calle Valle Grande, en Godoy Cruz.<\/p>\n\n\n\n<p>De acuerdo con el parte oficial del Ministerio de Seguridad, el rodado -interno 178- se desplazaba de sur a norte cuando, por razones que se investigan,\u00a0<strong>el conductor de 32 a\u00f1os, perdi\u00f3 el dominio del veh\u00edculo e impact\u00f3 fuertemente<\/strong>.<\/p>\n\n\n\n<p>Como consecuencia del siniestro, ocho personas resultaron heridas, entre ellas&nbsp;<strong>una mujer embarazada y una beba de tres meses<\/strong>. La mujer fue trasladada a la Cl\u00ednica Mitre, mientras que la menor fue derivada al Hospital Humberto Notti.<\/p>\n\n\n\n<p>M\u00e9dicos del Servicio de Emergencias Coordinado (SEC) asistieron a los lesionados por politraumatismos. Cinco de ellos recibieron atenci\u00f3n en ambulancias en el lugar, aunque ninguno presentaba heridas de gravedad.<\/p>\n\n\n\n<p>Seg\u00fan revel\u00f3 la cobertura de Radio Post en el lugar, el chofer se habr\u00eda quedado dormido y, al perder el control, cruz\u00f3 una acequia y arranc\u00f3 un poste en su camino.<\/p>\n\n\n\n<p>La investigaci\u00f3n qued\u00f3 en manos de la Comisar\u00eda 37\u00b0 de Godoy Cruz, que trabaja en el lugar para establecer las causas del accidente.<\/p>\n\n\n\n<p><strong>Fuente: www.mendozapost.com<\/strong><\/p>\n","protected":false},"excerpt":{"rendered":"<p>Un&nbsp;colectivo de la l\u00ednea Grupo 700, recorrido 760, colision\u00f3 este jueves a las 7:05 contra un poste y un guardarra\u00edl en el lateral Este del Acceso Sur, a la altura de calle Valle Grande, en Godoy Cruz. De acuerdo con el parte oficial del Ministerio de Seguridad, el rodado -interno 178- se desplazaba de sur [&hellip;]<\/p>\n","protected":false},"author":2,"featured_media":14457,"comment_status":"open","ping_status":"open","sticky":false,"template":"","format":"standard","meta":[],"categories":[48],"tags":[],"_links":{"self":[{"href":"https:\/\/pasaenmendoza.com\/index.php?rest_route=\/wp\/v2\/posts\/14456"}],"collection":[{"href":"https:\/\/pasaenmendoza.com\/index.php?rest_route=\/wp\/v2\/posts"}],"about":[{"href":"https:\/\/pasaenmendoza.com\/index.php?rest_route=\/wp\/v2\/types\/post"}],"author":[{"embeddable":true,"href":"https:\/\/pasaenmendoza.com\/index.php?rest_route=\/wp\/v2\/users\/2"}],"replies":[{"embeddable":true,"href":"https:\/\/pasaenmendoza.com\/index.php?rest_route=%2Fwp%2Fv2%2Fcomments&post=14456"}],"version-history":[{"count":1,"href":"https:\/\/pasaenmendoza.com\/index.php?rest_route=\/wp\/v2\/posts\/14456\/revisions"}],"predecessor-version":[{"id":14458,"href":"https:\/\/pasaenmendoza.com\/index.php?rest_route=\/wp\/v2\/posts\/14456\/revisions\/14458"}],"wp:featuredmedia":[{"embeddable":true,"href":"https:\/\/pasaenmendoza.com\/index.php?rest_route=\/wp\/v2\/media\/14457"}],"wp:attachment":[{"href":"https:\/\/pasaenmendoza.com\/index.php?rest_route=%2Fwp%2Fv2%2Fmedia&parent=14456"}],"wp:term":[{"taxonomy":"category","embeddable":true,"href":"https:\/\/pasaenmendoza.com\/index.php?rest_route=%2Fwp%2Fv2%2Fcategories&post=14456"},{"taxonomy":"post_tag","embeddable":true,"href":"https:\/\/pasaenmendoza.com\/index.php?rest_route=%2Fwp%2Fv2%2Ftags&post=14456"}],"curies":[{"name":"wp","href":"https:\/\/api.w.org\/{rel}","templated":true}]}}