{"id":14459,"date":"2025-08-28T16:38:50","date_gmt":"2025-08-28T14:38:50","guid":{"rendered":"https:\/\/pasaenmendoza.com\/?p=14459"},"modified":"2025-08-28T16:38:51","modified_gmt":"2025-08-28T14:38:51","slug":"buscan-construir-una-escuela-en-pleno-centro-mendocino-en-420-dias","status":"publish","type":"post","link":"https:\/\/pasaenmendoza.com\/?p=14459","title":{"rendered":"Buscan construir una escuela en pleno centro mendocino en 420 d\u00edas"},"content":{"rendered":"\n<p>El Gobierno de Mendoza lanz\u00f3 oficialmente la licitaci\u00f3n para la construcci\u00f3n de la Escuela N\u00b0 2-704 &#8220;<strong>Dr. Daniel Fernando Gonz\u00e1lez<\/strong>&#8220;, un proyecto educativo en pleno&nbsp;<strong>centro mendocino.&nbsp;<\/strong><\/p>\n\n\n\n<p>La obra, con un presupuesto oficial de&nbsp;<strong>$2.016 millones<\/strong>, se estima que tendr\u00e1 un plazo de ejecuci\u00f3n de&nbsp;<strong>420 d\u00edas corridos<\/strong>, seg\u00fan el comunicado oficial publicado este jueves en el Bolet\u00edn Oficial.<\/p>\n\n\n\n<p>La nueva escuela se levantar\u00e1 en la intersecci\u00f3n de las calles&nbsp;<strong>Salta y Garibaldi<\/strong>, una ubicaci\u00f3n c\u00e9ntrica y de alto tr\u00e1nsito, cerca de la Plaza Independencia. Sobe calle Garibaldi ya se encuentra ubicada la escuela N\u00ba 2-002 Pedro Nolasco Ferreyra.&nbsp;<\/p>\n\n\n\n<p>El Gobierno de Mendoza comunic\u00f3 que la\u00a0<strong>visita obligatoria de obra<\/strong>\u00a0ser\u00e1 el\u00a0<strong>4 de septiembre a las 10:00 hs<\/strong>, y tendr\u00e1 lugar en el mismo sitio de la futura construcci\u00f3n.\u00a0<\/p>\n\n\n\n<p>Las empresas interesadas en participar deber\u00e1n asistir, ya que la falta de concurrencia ser\u00e1 motivo de desestimaci\u00f3n de las ofertas. Por otro lado, la&nbsp;<strong>apertura de sobres<\/strong>&nbsp;con las propuestas se llevar\u00e1 a cabo el&nbsp;<strong>18 de septiembre<\/strong>, a las 10:00 hs, en la Casa de Gobierno.<\/p>\n\n\n\n<p>Los pliegos y documentaci\u00f3n t\u00e9cnica necesarios para la licitaci\u00f3n est\u00e1n disponibles para su consulta y descarga en el portal oficial de compras p\u00fablicas de la provincia.&nbsp;<\/p>\n\n\n\n<p>La recepci\u00f3n de sobres para esta licitaci\u00f3n se realizar\u00e1 en la Oficina de Licitaciones de la Casa de Gobierno, de lunes a viernes de 08:00 a 10:00 hs. Por el momento, se esperan por mayores precisiones del proyecto.<\/p>\n\n\n\n<p><strong>Fuente: www.mendozapost.com<\/strong><\/p>\n","protected":false},"excerpt":{"rendered":"<p>El Gobierno de Mendoza lanz\u00f3 oficialmente la licitaci\u00f3n para la construcci\u00f3n de la Escuela N\u00b0 2-704 &#8220;Dr. Daniel Fernando Gonz\u00e1lez&#8220;, un proyecto educativo en pleno&nbsp;centro mendocino.&nbsp; La obra, con un presupuesto oficial de&nbsp;$2.016 millones, se estima que tendr\u00e1 un plazo de ejecuci\u00f3n de&nbsp;420 d\u00edas corridos, seg\u00fan el comunicado oficial publicado este jueves en el Bolet\u00edn [&hellip;]<\/p>\n","protected":false},"author":2,"featured_media":14460,"comment_status":"open","ping_status":"open","sticky":false,"template":"","format":"standard","meta":[],"categories":[75],"tags":[],"_links":{"self":[{"href":"https:\/\/pasaenmendoza.com\/index.php?rest_route=\/wp\/v2\/posts\/14459"}],"collection":[{"href":"https:\/\/pasaenmendoza.com\/index.php?rest_route=\/wp\/v2\/posts"}],"about":[{"href":"https:\/\/pasaenmendoza.com\/index.php?rest_route=\/wp\/v2\/types\/post"}],"author":[{"embeddable":true,"href":"https:\/\/pasaenmendoza.com\/index.php?rest_route=\/wp\/v2\/users\/2"}],"replies":[{"embeddable":true,"href":"https:\/\/pasaenmendoza.com\/index.php?rest_route=%2Fwp%2Fv2%2Fcomments&post=14459"}],"version-history":[{"count":1,"href":"https:\/\/pasaenmendoza.com\/index.php?rest_route=\/wp\/v2\/posts\/14459\/revisions"}],"predecessor-version":[{"id":14461,"href":"https:\/\/pasaenmendoza.com\/index.php?rest_route=\/wp\/v2\/posts\/14459\/revisions\/14461"}],"wp:featuredmedia":[{"embeddable":true,"href":"https:\/\/pasaenmendoza.com\/index.php?rest_route=\/wp\/v2\/media\/14460"}],"wp:attachment":[{"href":"https:\/\/pasaenmendoza.com\/index.php?rest_route=%2Fwp%2Fv2%2Fmedia&parent=14459"}],"wp:term":[{"taxonomy":"category","embeddable":true,"href":"https:\/\/pasaenmendoza.com\/index.php?rest_route=%2Fwp%2Fv2%2Fcategories&post=14459"},{"taxonomy":"post_tag","embeddable":true,"href":"https:\/\/pasaenmendoza.com\/index.php?rest_route=%2Fwp%2Fv2%2Ftags&post=14459"}],"curies":[{"name":"wp","href":"https:\/\/api.w.org\/{rel}","templated":true}]}}