{"id":14462,"date":"2025-08-28T23:14:18","date_gmt":"2025-08-28T21:14:18","guid":{"rendered":"https:\/\/pasaenmendoza.com\/?p=14462"},"modified":"2025-08-28T23:14:19","modified_gmt":"2025-08-28T21:14:19","slug":"los-cambios-que-se-vienen-con-la-adhesion-de-mendoza-a-la-ley-de-transparencia-fiscal","status":"publish","type":"post","link":"https:\/\/pasaenmendoza.com\/?p=14462","title":{"rendered":"Los cambios que se vienen con la adhesi\u00f3n de Mendoza a la Ley de Transparencia Fiscal"},"content":{"rendered":"\n<p>Con la adhesi\u00f3n de\u00a0<strong>Mendoza<\/strong>\u00a0a la\u00a0Ley de Transparencia Fiscal, ahora los consumidores podr\u00e1n\u00a0<strong>ver reflejada la incidencia de los impuestos provinciales y municipales en cada ticket o factura<\/strong>, adem\u00e1s del IVA nacional.<\/p>\n\n\n\n<p>La norma, sancionada a nivel nacional como&nbsp;<strong>ley 27.743<\/strong>, obliga a detallar los tributos que gravan cada consumo. Casi un a\u00f1o y medio despu\u00e9s de su aprobaci\u00f3n, la Legislatura mendocina dio luz verde este mi\u00e9rcoles, convirti\u00e9ndose en la segunda provincia en adherir tras Chubut.<\/p>\n\n\n\n<h3 class=\"wp-block-heading\">Un proceso legislativo extenso<\/h3>\n\n\n\n<p>Aunque la votaci\u00f3n final fue un\u00e1nime, la adhesi\u00f3n demand\u00f3 casi todo el mes de agosto. La iniciativa recibi\u00f3 media sanci\u00f3n en Diputados el 6 de agosto, pas\u00f3 al Senado y regres\u00f3 con modificaciones, hasta que finalmente recibi\u00f3 sanci\u00f3n definitiva en la c\u00e1mara baja.<\/p>\n\n\n\n<p>Con la ley en vigencia, los\u00a0<strong>tickets deber\u00e1n mostrar la carga impositiva completa<\/strong>, incluyendo\u00a0<strong>Ingresos Brutos<\/strong>\u00a0y tasas municipales,\u00a0adem\u00e1s del 21% de IVA.<\/p>\n\n\n\n<h3 class=\"wp-block-heading\">Seis provincias comprometidas<a href=\"https:\/\/www.diariomendoza.com.ar\/economia\/\">con la transparencia<\/a><\/h3>\n\n\n\n<p>La norma, inspirada en la ONG&nbsp;<strong>L\u00f3gica<\/strong>, ya hab\u00eda sido adoptada por Chubut en abril de 2025. Otras provincias que manifestaron inter\u00e9s son&nbsp;<strong>Catamarca, Misiones, CABA y Entre R\u00edos<\/strong>. Sin embargo, la implementaci\u00f3n avanza a ritmos distintos, mientras que 19 provincias a\u00fan no se pronunciaron.<\/p>\n\n\n\n<h3 class=\"wp-block-heading\">Visibilizar impuestos para fortalecer la conciencia fiscal<\/h3>\n\n\n\n<p>El diputado oficialista&nbsp;<strong>Guillermo Mosso<\/strong>, autor del proyecto, destac\u00f3 que la adhesi\u00f3n busca&nbsp;<strong>fortalecer la cultura tributaria<\/strong>: \u201cNo se trata solo de pagar impuestos, sino de comprender cu\u00e1nto se cobra, paso necesario para discutir la calidad del gasto p\u00fablico\u201d, se\u00f1al\u00f3.<\/p>\n\n\n\n<p>Hasta el 31 de marzo de 2025, la visibilidad de impuestos era opcional para los responsables inscriptos en IVA. Desde el 1\u00b0 de abril, la medida pas\u00f3 a ser obligatoria. Mendoza adelant\u00f3 que\u00a0<strong>no sancionar\u00e1 a quienes hayan aplicado la norma voluntariamente<\/strong>\u00a0hasta ahora.<\/p>\n\n\n\n<p><strong>Fuente: www.diariomendoza.com.ar<\/strong><\/p>\n","protected":false},"excerpt":{"rendered":"<p>Con la adhesi\u00f3n de\u00a0Mendoza\u00a0a la\u00a0Ley de Transparencia Fiscal, ahora los consumidores podr\u00e1n\u00a0ver reflejada la incidencia de los impuestos provinciales y municipales en cada ticket o factura, adem\u00e1s del IVA nacional. La norma, sancionada a nivel nacional como&nbsp;ley 27.743, obliga a detallar los tributos que gravan cada consumo. Casi un a\u00f1o y medio despu\u00e9s de su [&hellip;]<\/p>\n","protected":false},"author":2,"featured_media":14463,"comment_status":"open","ping_status":"open","sticky":false,"template":"","format":"standard","meta":[],"categories":[75],"tags":[],"_links":{"self":[{"href":"https:\/\/pasaenmendoza.com\/index.php?rest_route=\/wp\/v2\/posts\/14462"}],"collection":[{"href":"https:\/\/pasaenmendoza.com\/index.php?rest_route=\/wp\/v2\/posts"}],"about":[{"href":"https:\/\/pasaenmendoza.com\/index.php?rest_route=\/wp\/v2\/types\/post"}],"author":[{"embeddable":true,"href":"https:\/\/pasaenmendoza.com\/index.php?rest_route=\/wp\/v2\/users\/2"}],"replies":[{"embeddable":true,"href":"https:\/\/pasaenmendoza.com\/index.php?rest_route=%2Fwp%2Fv2%2Fcomments&post=14462"}],"version-history":[{"count":1,"href":"https:\/\/pasaenmendoza.com\/index.php?rest_route=\/wp\/v2\/posts\/14462\/revisions"}],"predecessor-version":[{"id":14464,"href":"https:\/\/pasaenmendoza.com\/index.php?rest_route=\/wp\/v2\/posts\/14462\/revisions\/14464"}],"wp:featuredmedia":[{"embeddable":true,"href":"https:\/\/pasaenmendoza.com\/index.php?rest_route=\/wp\/v2\/media\/14463"}],"wp:attachment":[{"href":"https:\/\/pasaenmendoza.com\/index.php?rest_route=%2Fwp%2Fv2%2Fmedia&parent=14462"}],"wp:term":[{"taxonomy":"category","embeddable":true,"href":"https:\/\/pasaenmendoza.com\/index.php?rest_route=%2Fwp%2Fv2%2Fcategories&post=14462"},{"taxonomy":"post_tag","embeddable":true,"href":"https:\/\/pasaenmendoza.com\/index.php?rest_route=%2Fwp%2Fv2%2Ftags&post=14462"}],"curies":[{"name":"wp","href":"https:\/\/api.w.org\/{rel}","templated":true}]}}