{"id":14465,"date":"2025-08-28T23:17:56","date_gmt":"2025-08-28T21:17:56","guid":{"rendered":"https:\/\/pasaenmendoza.com\/?p=14465"},"modified":"2025-08-28T23:17:57","modified_gmt":"2025-08-28T21:17:57","slug":"instruccion-clave-preventores-de-capital-comenzaron-su-capacitacion-para-usar-pistolas-taser","status":"publish","type":"post","link":"https:\/\/pasaenmendoza.com\/?p=14465","title":{"rendered":"Instrucci\u00f3n clave: preventores de Capital comenzaron su capacitaci\u00f3n para usar pistolas Taser"},"content":{"rendered":"\n<p>La\u00a0<strong>Polic\u00eda de Mendoza<\/strong>\u00a0puso en marcha un programa de\u00a0<strong>entrenamiento<\/strong>\u00a0destinado a\u00a0<strong>41\u00a0preventores\u00a0de la Ciudad de Mendoza<\/strong>, quienes ser\u00e1n instruidos en el uso de\u00a0<strong>pistolas Taser 7<\/strong>\u00a0y en los\u00a0<strong>protocolos de actuaci\u00f3n<\/strong>\u00a0correspondientes. La medida se enmarca en la ley provincial que regula la actuaci\u00f3n de los\u00a0<strong>cuerpos de seguridad ciudadana municipales<\/strong>\u00a0y posiciona a la capital como la primera en implementar este tipo de formaci\u00f3n.<\/p>\n\n\n\n<p>El inicio de la capacitaci\u00f3n cont\u00f3 con la presencia del\u00a0<strong>gobernador\u00a0Alfredo Cornejo<\/strong>, la\u00a0<strong>vicegobernadora Hebe Casado<\/strong>, la\u00a0<strong>ministra de Seguridad y Justicia Mercedes Rus<\/strong>\u00a0y el\u00a0<strong>intendente Ulpiano Suarez<\/strong>. Seg\u00fan informaron, el programa apunta a reforzar la agenda de\u00a0<strong>prevenci\u00f3n y seguridad ciudadana<\/strong>\u00a0a trav\u00e9s de la combinaci\u00f3n de\u00a0<strong>recursos humanos capacitados<\/strong>,\u00a0<strong>tecnolog\u00eda<\/strong>\u00a0y la intervenci\u00f3n de la\u00a0<strong>Justicia<\/strong>.<\/p>\n\n\n\n<p>Los agentes seleccionados superaron un\u00a0<strong>apto psicof\u00edsico<\/strong>\u00a0y fueron elegidos en base a sus antecedentes. Entre ellos se encuentran\u00a0<strong>13 expolic\u00edas<\/strong>, ahora incorporados al cuerpo de\u00a0<strong>preventores capitalinos<\/strong>. La instrucci\u00f3n est\u00e1 a cargo de especialistas del\u00a0<strong>Centro de Adiestramiento T\u00e1ctico Policial (Catacpol)<\/strong>\u00a0y de las\u00a0<strong>Fuerzas de Operaciones Especiales (FOE)<\/strong>, con un plan que incluye pr\u00e1cticas operativas, contenidos legales y simulaciones de escenarios.<\/p>\n\n\n\n<p>La\u00a0<strong>formaci\u00f3n<\/strong>\u00a0se organiza en\u00a0<strong>tres niveles progresivos<\/strong>\u00a0que certifican a los preventores en t\u00e9cnicas de defensa personal, uso de dispositivos de baja letalidad y procedimientos legales de intervenci\u00f3n. Solo quienes completen todas las instancias estar\u00e1n habilitados oficialmente para operar las\u00a0<strong>Taser<\/strong>.<\/p>\n\n\n\n<p>El&nbsp;<strong>protocolo oficial<\/strong>&nbsp;establece que los dispositivos deben usarse bajo criterios de&nbsp;<strong>necesidad, razonabilidad y proporcionalidad<\/strong>, prohibiendo su aplicaci\u00f3n en zonas sensibles del cuerpo y exigiendo la&nbsp;<strong>documentaci\u00f3n detallada<\/strong>&nbsp;de cada intervenci\u00f3n.<\/p>\n\n\n\n<p>Las nuevas\u00a0<strong>Taser 7<\/strong>\u00a0presentan mejoras frente a modelos anteriores: pueden cargar\u00a0<strong>dos cartuchos al mismo tiempo<\/strong>, incorporan\u00a0<strong>se\u00f1ales sonoras y visuales de advertencia<\/strong>\u00a0y aplican descargas de baja letalidad para inmovilizar al agresor en situaciones de riesgo.<\/p>\n\n\n\n<p><strong>Fuente: www.diariomendoza.com.ar<\/strong><\/p>\n","protected":false},"excerpt":{"rendered":"<p>La\u00a0Polic\u00eda de Mendoza\u00a0puso en marcha un programa de\u00a0entrenamiento\u00a0destinado a\u00a041\u00a0preventores\u00a0de la Ciudad de Mendoza, quienes ser\u00e1n instruidos en el uso de\u00a0pistolas Taser 7\u00a0y en los\u00a0protocolos de actuaci\u00f3n\u00a0correspondientes. La medida se enmarca en la ley provincial que regula la actuaci\u00f3n de los\u00a0cuerpos de seguridad ciudadana municipales\u00a0y posiciona a la capital como la primera en implementar este tipo [&hellip;]<\/p>\n","protected":false},"author":2,"featured_media":14466,"comment_status":"open","ping_status":"open","sticky":false,"template":"","format":"standard","meta":[],"categories":[96],"tags":[],"_links":{"self":[{"href":"https:\/\/pasaenmendoza.com\/index.php?rest_route=\/wp\/v2\/posts\/14465"}],"collection":[{"href":"https:\/\/pasaenmendoza.com\/index.php?rest_route=\/wp\/v2\/posts"}],"about":[{"href":"https:\/\/pasaenmendoza.com\/index.php?rest_route=\/wp\/v2\/types\/post"}],"author":[{"embeddable":true,"href":"https:\/\/pasaenmendoza.com\/index.php?rest_route=\/wp\/v2\/users\/2"}],"replies":[{"embeddable":true,"href":"https:\/\/pasaenmendoza.com\/index.php?rest_route=%2Fwp%2Fv2%2Fcomments&post=14465"}],"version-history":[{"count":1,"href":"https:\/\/pasaenmendoza.com\/index.php?rest_route=\/wp\/v2\/posts\/14465\/revisions"}],"predecessor-version":[{"id":14467,"href":"https:\/\/pasaenmendoza.com\/index.php?rest_route=\/wp\/v2\/posts\/14465\/revisions\/14467"}],"wp:featuredmedia":[{"embeddable":true,"href":"https:\/\/pasaenmendoza.com\/index.php?rest_route=\/wp\/v2\/media\/14466"}],"wp:attachment":[{"href":"https:\/\/pasaenmendoza.com\/index.php?rest_route=%2Fwp%2Fv2%2Fmedia&parent=14465"}],"wp:term":[{"taxonomy":"category","embeddable":true,"href":"https:\/\/pasaenmendoza.com\/index.php?rest_route=%2Fwp%2Fv2%2Fcategories&post=14465"},{"taxonomy":"post_tag","embeddable":true,"href":"https:\/\/pasaenmendoza.com\/index.php?rest_route=%2Fwp%2Fv2%2Ftags&post=14465"}],"curies":[{"name":"wp","href":"https:\/\/api.w.org\/{rel}","templated":true}]}}