{"id":14468,"date":"2025-08-28T23:21:23","date_gmt":"2025-08-28T21:21:23","guid":{"rendered":"https:\/\/pasaenmendoza.com\/?p=14468"},"modified":"2025-08-28T23:25:59","modified_gmt":"2025-08-28T21:25:59","slug":"adrian-yacopini-y-el-desembarco-de-los-autos-electricos-byd-a-la-argentina-estamos-orgullosos","status":"publish","type":"post","link":"https:\/\/pasaenmendoza.com\/?p=14468","title":{"rendered":"Adri\u00e1n Yacopini y el desembarco de los autos el\u00e9ctricos BYD a la Argentina: &#8220;Estamos orgullosos&#8221;"},"content":{"rendered":"\n<p>El mundo de los veh\u00edculos comienza a inclinarse poco a poco hacia un sector que ya ha dejado de ser una simple tendencia: el de los&nbsp;<strong>autos el\u00e9ctricos<\/strong>&nbsp;y los h\u00edbridos. As\u00ed lo entiende tambi\u00e9n&nbsp;<strong>Adri\u00e1n Yacopini<\/strong>, uno de los empresarios m\u00e1s influyentes y con espalda de sobra en el rubro.<\/p>\n\n\n\n<p>Sucede que el desembarco de estos&nbsp;<strong>autos el\u00e9ctricos<\/strong>&nbsp;en nuestro pa\u00eds est\u00e1 cada vez m\u00e1s cerca, y una de las concesionarias elegidas para formar parte es&nbsp;<strong>Territorio Yacopini<\/strong>, nada menos que la m\u00e1s grande de Cuyo<strong>.<\/strong><\/p>\n\n\n\n<h2 class=\"wp-block-heading\">Adri\u00e1n Yacopini y el desembarco de los el\u00e9ctricos BYD en Argentina<\/h2>\n\n\n\n<p>&#8220;<strong>BYD&nbsp;<\/strong>(Build Your Dreams), la empresa de innovaci\u00f3n tecnol\u00f3gica especializada en veh\u00edculos de nueva energ\u00eda, ya inici\u00f3 la primera preventa exclusiva, marcando un hito en la industria automotriz nacional&#8221;, reza el comunicado de la marca china.<\/p>\n\n\n\n<p>A pesar de que a\u00fan sus modelos no tienen precios oficiales, a trav\u00e9s del sitio&nbsp;www.byd.com\/ar&nbsp;los interesados ya pueden cargar sus datos y realizar una reserva para alguno de ellos, que en todos los casos es de 500 d\u00f3lares (o su equivalente en pesos argentinos).<\/p>\n\n\n\n<p>Yacopini es una de las concesionarias elegidas por la firma dentro de Mendoza, y fue&nbsp;<strong>Adri\u00e1n Yacopini<\/strong>&nbsp;el que no ocult\u00f3 su felicidad. &#8220;Estamos orgullosos de que esta marca se haya decidido por nosotros.&nbsp;Despu\u00e9s de Volkswagen y Toyota, es el mayor fabricante de autos en el mundo&#8221;, expres\u00f3.<\/p>\n\n\n\n<p>En concreto, los&nbsp;<strong>modelos<\/strong>&nbsp;impulsados por la marca china ser\u00e1n tres en total. Dos autos 100% el\u00e9ctricos y uno h\u00edbrido que se enchufa. Estos son, por un lado, el&nbsp;<strong>Dolphin MINI<\/strong>&nbsp;y el&nbsp;<strong>Yuan Pro;<\/strong>&nbsp;y por el otro, el&nbsp;<strong>Song Pro DM-i<\/strong>.<\/p>\n\n\n\n<p><strong>Adri\u00e1n Yacopini<\/strong>&nbsp;sabe que la instalaci\u00f3n de los el\u00e9ctricos y los h\u00edbridos enchufables est\u00e1 m\u00e1s cerca que nunca en la Argentina. &#8220;Se habla de un futuro inminente, por el consumo, por la contaminaci\u00f3n y sobre todo por la comparaci\u00f3n con respecto a los costos con el auto tradicional. El ahorro es significativo&#8221;, dijo.<\/p>\n\n\n\n<p><strong>Yacopini&nbsp;<\/strong>cree que el auto el\u00e9ctrico terminar\u00e1 imponi\u00e9ndose al veh\u00edculo tradicional: &#8220;Es una muy buena pregunta. Yo creo que s\u00ed, que terminar\u00e1 imponi\u00e9ndose, aunque no s\u00e9 en qu\u00e9 porcentaje. El avance que se est\u00e1 teniendo es muy grande&#8221;.<\/p>\n\n\n\n<p>A la hora de definir estos autos,&nbsp;<strong>Yacopini&nbsp;<\/strong>hizo referencia principalmente a la palabra tecnolog\u00eda. Con esta propuesta, los argentinos tendr\u00e1n, adem\u00e1s, una verdadera alternativa hacia una movilidad m\u00e1s limpia y eficiente.<\/p>\n\n\n\n<h2 class=\"wp-block-heading\">Los precios de los autos<\/h2>\n\n\n\n<p><strong>Adri\u00e1n Yacopini&nbsp;<\/strong>confirm\u00f3 que se est\u00e1n terminando de analizar los impuestos para salir lo m\u00e1s competitivo posible al mercado, y que estos&nbsp;<strong>autos el\u00e9ctricos<\/strong>&nbsp;van a rondar desde los 25 mil d\u00f3lares hasta los 80 mil d\u00f3lares.<\/p>\n\n\n\n<p>Como todo, la variedad de los modelos est\u00e1 sujeta a los precios.<\/p>\n\n\n\n<p>Para cerrar, Yacopini explic\u00f3 que la inauguraci\u00f3n del concesionario&nbsp;<strong>BYD&nbsp;<\/strong>se realizar\u00e1 en octubre en avenida San Mart\u00edn, con un excelente sistema de conectividad para estos autos h\u00edbridos y el\u00e9ctricos.<\/p>\n\n\n\n<p><strong>Fuente: www.diariouno.com.ar<\/strong><\/p>\n","protected":false},"excerpt":{"rendered":"<p>El mundo de los veh\u00edculos comienza a inclinarse poco a poco hacia un sector que ya ha dejado de ser una simple tendencia: el de los&nbsp;autos el\u00e9ctricos&nbsp;y los h\u00edbridos. As\u00ed lo entiende tambi\u00e9n&nbsp;Adri\u00e1n Yacopini, uno de los empresarios m\u00e1s influyentes y con espalda de sobra en el rubro. Sucede que el desembarco de estos&nbsp;autos el\u00e9ctricos&nbsp;en [&hellip;]<\/p>\n","protected":false},"author":2,"featured_media":14469,"comment_status":"open","ping_status":"open","sticky":false,"template":"","format":"standard","meta":[],"categories":[112],"tags":[],"_links":{"self":[{"href":"https:\/\/pasaenmendoza.com\/index.php?rest_route=\/wp\/v2\/posts\/14468"}],"collection":[{"href":"https:\/\/pasaenmendoza.com\/index.php?rest_route=\/wp\/v2\/posts"}],"about":[{"href":"https:\/\/pasaenmendoza.com\/index.php?rest_route=\/wp\/v2\/types\/post"}],"author":[{"embeddable":true,"href":"https:\/\/pasaenmendoza.com\/index.php?rest_route=\/wp\/v2\/users\/2"}],"replies":[{"embeddable":true,"href":"https:\/\/pasaenmendoza.com\/index.php?rest_route=%2Fwp%2Fv2%2Fcomments&post=14468"}],"version-history":[{"count":2,"href":"https:\/\/pasaenmendoza.com\/index.php?rest_route=\/wp\/v2\/posts\/14468\/revisions"}],"predecessor-version":[{"id":14474,"href":"https:\/\/pasaenmendoza.com\/index.php?rest_route=\/wp\/v2\/posts\/14468\/revisions\/14474"}],"wp:featuredmedia":[{"embeddable":true,"href":"https:\/\/pasaenmendoza.com\/index.php?rest_route=\/wp\/v2\/media\/14469"}],"wp:attachment":[{"href":"https:\/\/pasaenmendoza.com\/index.php?rest_route=%2Fwp%2Fv2%2Fmedia&parent=14468"}],"wp:term":[{"taxonomy":"category","embeddable":true,"href":"https:\/\/pasaenmendoza.com\/index.php?rest_route=%2Fwp%2Fv2%2Fcategories&post=14468"},{"taxonomy":"post_tag","embeddable":true,"href":"https:\/\/pasaenmendoza.com\/index.php?rest_route=%2Fwp%2Fv2%2Ftags&post=14468"}],"curies":[{"name":"wp","href":"https:\/\/api.w.org\/{rel}","templated":true}]}}