{"id":14471,"date":"2025-08-28T23:25:14","date_gmt":"2025-08-28T21:25:14","guid":{"rendered":"https:\/\/pasaenmendoza.com\/?p=14471"},"modified":"2025-08-28T23:25:15","modified_gmt":"2025-08-28T21:25:15","slug":"el-gobierno-echo-a-una-decena-de-empleados-publicos-por-conductas-inapropiadas-y-reiteradas-inasistencias","status":"publish","type":"post","link":"https:\/\/pasaenmendoza.com\/?p=14471","title":{"rendered":"El Gobierno ech\u00f3 a una decena de empleados p\u00fablicos por conductas inapropiadas y reiteradas inasistencias"},"content":{"rendered":"\n<p>El Gobierno de\u00a0<strong>Mendoza<\/strong>\u00a0confirm\u00f3 este jueves la cesant\u00eda de diez\u00a0<strong>empleados p\u00fablicos<\/strong>\u00a0por reiteradas inasistencias a sus lugares de trabajo y, adem\u00e1s, por \u201cconductas no compatibles con la funci\u00f3n p\u00fablica\u201d.<\/p>\n\n\n\n<p>Se trata de empleados de distintas \u00e1reas de la&nbsp;<strong>administraci\u00f3n p\u00fablica<\/strong>&nbsp;y la decisi\u00f3n del Ejecutivo se cristaliz\u00f3 a trav\u00e9s de decretos y resoluciones tras el an\u00e1lisis de los sumarios administrativos que verificaron&nbsp;<strong>inasistencias reiteradas, incumplimientos disciplinarios e irregularidades<\/strong>&nbsp;varias.<\/p>\n\n\n\n<p>Puntualmente, los motivos por los que se sancion\u00f3 a esta decena de personas son:\u00a0<strong>inasistencias injustificadas<\/strong>\u00a0al puesto de trabajo, con casos de prolongada ausencia sin respaldo formal;\u00a0<strong>incumplimientos disciplinarios graves<\/strong>\u00a0en el \u00e1mbito policial y penitenciario; y faltas administrativas que derivaron en\u00a0<strong>abandono de funciones.<\/strong><\/p>\n\n\n\n<h2 class=\"wp-block-heading\">Los empleados p\u00fablicos que el Gobierno ech\u00f3 por inasistencias y mala conducta<\/h2>\n\n\n\n<p>Precisamente, las cesant\u00edas alcanzan a personal del&nbsp;<strong>Ministerio de Seguridad y Justicia<\/strong>. All\u00ed fueron sancionados Roberto Daniel Cantos Ojeda, suboficial penitenciario; \u00c1ngeles Valentina Melzi Battayola, ex oficial subayudante policial; y Jos\u00e9 Luis Carmona Camps, ex oficial subayudante policial.<\/p>\n\n\n\n<p>Adem\u00e1s, En la&nbsp;<strong>Direcci\u00f3n General de Escuelas<\/strong>, la medida se aplic\u00f3 a Noelia Yanina Nadalini, personal administrativo; Margarita Elizabeth Zatonyl, celadora titular; y Juana Rosal\u00eda V\u00edlchez, celadora de la Escuela N.\u00ba 1-255 de San Rafael.<\/p>\n\n\n\n<p>En tanto, en la&nbsp;<strong>Direcci\u00f3n General de Protecci\u00f3n<\/strong>&nbsp;se dispuso la cesant\u00eda de Diego Arnaldo Mompart, Irina Abigail Ariadna Sosa, Gabriel Ismael D\u00edaz y Jos\u00e9 Javier Rubiolo Bros.<\/p>\n\n\n\n<p>Los<strong>\u00a0decretos\u00a0<\/strong>que se exhiben en el<strong>\u00a0Bolet\u00edn Oficial<\/strong>\u00a0son el 1.196, 1.534 y 1.537, y las resoluciones las 1.314, 4.031, 4.216, 16, 245, 1.321 y 621.<\/p>\n\n\n\n<p><strong>Fuente: www.diariouno.com.ar<\/strong><\/p>\n","protected":false},"excerpt":{"rendered":"<p>El Gobierno de\u00a0Mendoza\u00a0confirm\u00f3 este jueves la cesant\u00eda de diez\u00a0empleados p\u00fablicos\u00a0por reiteradas inasistencias a sus lugares de trabajo y, adem\u00e1s, por \u201cconductas no compatibles con la funci\u00f3n p\u00fablica\u201d. Se trata de empleados de distintas \u00e1reas de la&nbsp;administraci\u00f3n p\u00fablica&nbsp;y la decisi\u00f3n del Ejecutivo se cristaliz\u00f3 a trav\u00e9s de decretos y resoluciones tras el an\u00e1lisis de los sumarios [&hellip;]<\/p>\n","protected":false},"author":2,"featured_media":14472,"comment_status":"open","ping_status":"open","sticky":false,"template":"","format":"standard","meta":[],"categories":[47],"tags":[],"_links":{"self":[{"href":"https:\/\/pasaenmendoza.com\/index.php?rest_route=\/wp\/v2\/posts\/14471"}],"collection":[{"href":"https:\/\/pasaenmendoza.com\/index.php?rest_route=\/wp\/v2\/posts"}],"about":[{"href":"https:\/\/pasaenmendoza.com\/index.php?rest_route=\/wp\/v2\/types\/post"}],"author":[{"embeddable":true,"href":"https:\/\/pasaenmendoza.com\/index.php?rest_route=\/wp\/v2\/users\/2"}],"replies":[{"embeddable":true,"href":"https:\/\/pasaenmendoza.com\/index.php?rest_route=%2Fwp%2Fv2%2Fcomments&post=14471"}],"version-history":[{"count":1,"href":"https:\/\/pasaenmendoza.com\/index.php?rest_route=\/wp\/v2\/posts\/14471\/revisions"}],"predecessor-version":[{"id":14473,"href":"https:\/\/pasaenmendoza.com\/index.php?rest_route=\/wp\/v2\/posts\/14471\/revisions\/14473"}],"wp:featuredmedia":[{"embeddable":true,"href":"https:\/\/pasaenmendoza.com\/index.php?rest_route=\/wp\/v2\/media\/14472"}],"wp:attachment":[{"href":"https:\/\/pasaenmendoza.com\/index.php?rest_route=%2Fwp%2Fv2%2Fmedia&parent=14471"}],"wp:term":[{"taxonomy":"category","embeddable":true,"href":"https:\/\/pasaenmendoza.com\/index.php?rest_route=%2Fwp%2Fv2%2Fcategories&post=14471"},{"taxonomy":"post_tag","embeddable":true,"href":"https:\/\/pasaenmendoza.com\/index.php?rest_route=%2Fwp%2Fv2%2Ftags&post=14471"}],"curies":[{"name":"wp","href":"https:\/\/api.w.org\/{rel}","templated":true}]}}