{"id":14475,"date":"2025-08-29T16:04:35","date_gmt":"2025-08-29T14:04:35","guid":{"rendered":"https:\/\/pasaenmendoza.com\/?p=14475"},"modified":"2025-08-29T16:04:36","modified_gmt":"2025-08-29T14:04:36","slug":"el-tiempo-en-mendoza-ingresa-un-frente-frio-y-llega-la-tormenta-de-santa-rosa","status":"publish","type":"post","link":"https:\/\/pasaenmendoza.com\/?p=14475","title":{"rendered":"El tiempo en Mendoza: ingresa un frente fr\u00edo y llega la tormenta de Santa Rosa"},"content":{"rendered":"\n<p>Este viernes se termina la \u201cmini primavera\u201d que se vivieron en los \u00faltimos d\u00edas en Mendoza y un fuerte frente fr\u00edo dar\u00e1 paso a la tradicional tormenta de Santa Rosa que afecatar\u00e1 la geograf\u00eda provincial durante este fin de semana.<\/p>\n\n\n\n<p>Seg\u00fan el pron\u00f3stico de Contingencias Clim\u00e1ticas, para este viernes se espera una jornada con un cielo parcialmente nublado y ventoso con poco cambio de la temperatura, vientos algo fuertes del sector sur. Lluvias y tormentas en la noche y nevadas en cordillera. La m\u00e1xima ser\u00e1 de 23 grados y la m\u00ednima de 10 grados.<\/p>\n\n\n\n<p>El s\u00e1bado se presentar\u00e1 mayormente nublado y ventoso, con precipitaciones de variada intensidad y acumulados importantes en algunos sectores. Los vientos del sector sur se har\u00e1n sentir con fuerza moderada, contribuyendo al descenso t\u00e9rmico. En la cordillera se esperan nevadas, lo que podr\u00eda afectar la transitabilidad en pasos fronterizos.<\/p>\n\n\n\n<ul>\n<li>Temperatura m\u00e1xima: 17\u00b0C<\/li>\n\n\n\n<li>Temperatura m\u00ednima: 9\u00b0C<\/li>\n<\/ul>\n\n\n\n<p>El domingo continuar\u00e1 con cielo mayormente cubierto y temperaturas a\u00fan m\u00e1s bajas. Las lluvias se concentrar\u00e1n en la ma\u00f1ana, mientras que en la cordillera se prev\u00e9 una mejora paulatina de las condiciones clim\u00e1ticas. Los vientos ser\u00e1n leves, tambi\u00e9n del sector sur.<\/p>\n\n\n\n<ul>\n<li>Temperatura m\u00e1xima: 12\u00b0C<\/li>\n\n\n\n<li>Temperatura m\u00ednima: 6\u00b0C<\/li>\n<\/ul>\n\n\n\n<p><strong>Fuente: www.elsol.com.ar<\/strong><\/p>\n","protected":false},"excerpt":{"rendered":"<p>Este viernes se termina la \u201cmini primavera\u201d que se vivieron en los \u00faltimos d\u00edas en Mendoza y un fuerte frente fr\u00edo dar\u00e1 paso a la tradicional tormenta de Santa Rosa que afecatar\u00e1 la geograf\u00eda provincial durante este fin de semana. Seg\u00fan el pron\u00f3stico de Contingencias Clim\u00e1ticas, para este viernes se espera una jornada con un [&hellip;]<\/p>\n","protected":false},"author":2,"featured_media":14476,"comment_status":"open","ping_status":"open","sticky":false,"template":"","format":"standard","meta":[],"categories":[52],"tags":[],"_links":{"self":[{"href":"https:\/\/pasaenmendoza.com\/index.php?rest_route=\/wp\/v2\/posts\/14475"}],"collection":[{"href":"https:\/\/pasaenmendoza.com\/index.php?rest_route=\/wp\/v2\/posts"}],"about":[{"href":"https:\/\/pasaenmendoza.com\/index.php?rest_route=\/wp\/v2\/types\/post"}],"author":[{"embeddable":true,"href":"https:\/\/pasaenmendoza.com\/index.php?rest_route=\/wp\/v2\/users\/2"}],"replies":[{"embeddable":true,"href":"https:\/\/pasaenmendoza.com\/index.php?rest_route=%2Fwp%2Fv2%2Fcomments&post=14475"}],"version-history":[{"count":1,"href":"https:\/\/pasaenmendoza.com\/index.php?rest_route=\/wp\/v2\/posts\/14475\/revisions"}],"predecessor-version":[{"id":14477,"href":"https:\/\/pasaenmendoza.com\/index.php?rest_route=\/wp\/v2\/posts\/14475\/revisions\/14477"}],"wp:featuredmedia":[{"embeddable":true,"href":"https:\/\/pasaenmendoza.com\/index.php?rest_route=\/wp\/v2\/media\/14476"}],"wp:attachment":[{"href":"https:\/\/pasaenmendoza.com\/index.php?rest_route=%2Fwp%2Fv2%2Fmedia&parent=14475"}],"wp:term":[{"taxonomy":"category","embeddable":true,"href":"https:\/\/pasaenmendoza.com\/index.php?rest_route=%2Fwp%2Fv2%2Fcategories&post=14475"},{"taxonomy":"post_tag","embeddable":true,"href":"https:\/\/pasaenmendoza.com\/index.php?rest_route=%2Fwp%2Fv2%2Ftags&post=14475"}],"curies":[{"name":"wp","href":"https:\/\/api.w.org\/{rel}","templated":true}]}}