{"id":14478,"date":"2025-08-29T16:10:16","date_gmt":"2025-08-29T14:10:16","guid":{"rendered":"https:\/\/pasaenmendoza.com\/?p=14478"},"modified":"2025-08-29T16:10:17","modified_gmt":"2025-08-29T14:10:17","slug":"corte-de-agua-en-mendoza-desde-y-hasta-cuando-estara-afectado-el-suministro","status":"publish","type":"post","link":"https:\/\/pasaenmendoza.com\/?p=14478","title":{"rendered":"Corte de agua en Mendoza: desde y hasta cu\u00e1ndo estar\u00e1 afectado el suministro"},"content":{"rendered":"\n<p>El s\u00e1bado 30 de agosto se realizar\u00e1n maniobras de mantenimiento en el descargador de fondo (DDF) del dique Potrerillos. El procedimiento se realizar\u00e1 en simult\u00e1neo&nbsp;<strong>con la instalaci\u00f3n de un nuevo caudal\u00edmetro<\/strong>&nbsp;por parte de Aysam. Seg\u00fan expresaron desde el Gobierno de Mendoza, el servicio de agua potable en distintas zonas del \u00e1rea metropolitana estar\u00e1 cortado desde las 3:30 horas y podr\u00eda reestablecerse en horas de la tarde.<\/p>\n\n\n\n<p>La apertura del descargador de fondo del dique Potrerillos estaba planificada para el s\u00e1bado 23 de agosto, pero el proceso fue reprogramado para que coincida con los trabajos de Aysam\u00a0<strong>y -de esta manera- evitar afectar en servicio en jornadas distintas<\/strong>.<\/p>\n\n\n\n<p>Desde la Direcci\u00f3n de Hidr\u00e1ulica explicaron que si bien para el descargador de fondo no hace falta cortar el suministro de agua potable, s\u00ed puede afectarlo durante un par de horas.&nbsp;<em>\u201cLa operaci\u00f3n de las compuertas se realiza de forma controlada y hemos tenido en cuenta el pron\u00f3stico de lluvias. Quiz\u00e1s hasta la tarde o noche circule un caudal de agua&nbsp;importante que no es habitual<\/em>&nbsp;<em>por el r\u00edo. Les pedimos a los ciudadanos que est\u00e9n atentos y no se acerquen a la rivera del r\u00edo\u201d<\/em>, destac\u00f3 el director del organismo, Pablo Rodr\u00edguez.<\/p>\n\n\n\n<p>Las maniobras coinciden con el d\u00eda en el que Aguas Mendocinas (AYSAM) realizar\u00e1 cortes programados, a fin de optimizar los tiempos de trabajo. Durante esa jornada, la empresa de aguas instalar\u00e1 un nuevo caudal\u00edmetro sobre el acueducto de 800 mm a la salida del establecimiento potabilizador Potrerillos y ejecutar\u00e1 trabajos previos para la futura colocaci\u00f3n de otros dos en la planta potabilizadora Luj\u00e1n II.<\/p>\n\n\n\n<h2 class=\"wp-block-heading\" id=\"h-horarios-y-zonas-afectadas\">Horarios y zonas afectadas<\/h2>\n\n\n\n<p>Los trabajos de Aysam est\u00e1n programados para las 3:30 del s\u00e1bado 30 de agosto y se extender\u00e1n durante todo el d\u00eda hasta las 15:30 horas como m\u00ednimo. Las zonas que pueden experimentar baja presi\u00f3n o cortes directos incluyen sectores de cinco departamentos:<\/p>\n\n\n\n<ul>\n<li>Ciudad: La Favorita<\/li>\n\n\n\n<li>Godoy Cruz: de Lateral Este Acceso Sur a 9 de Julio y de Carrodilla a Rodr\u00edguez Pe\u00f1a<\/li>\n\n\n\n<li>Guaymall\u00e9n: San Francisco del Monte, Rodeo de la Cruz, Capilla del Rosario, Jes\u00fas Nazareno, y algunas zonas de Villa Nueva<\/li>\n\n\n\n<li>Luj\u00e1n: Blanco Encalada, Las Compuertas, La Puntilla, Chacras de Coria, Potrerillos, Cacheuta, barrios Los Alerces I y II, Susso, San Antonio y Huarpes III<\/li>\n\n\n\n<li>Maip\u00fa: Coquimbito y Luzuriaga<\/li>\n<\/ul>\n\n\n\n<p>El servicio se ir\u00e1 restableciendo paulatinamente entre las 24 y las 48 horas despu\u00e9s de\u00a0los\u00a0trabajos.<\/p>\n\n\n\n<h2 class=\"wp-block-heading\" id=\"h-detalles-del-operativo\">Detalles del operativo<\/h2>\n\n\n\n<p>Seg\u00fan inform\u00f3 el Gobierno de Mendoza, en forma coordinada con las tareas de Aysam, con el objetivo de optimizar los tiempos de trabajo y reducir las horas de cortes,\u00a0<strong>las maniobras de Hidr\u00e1ulica comenzar\u00e1n a las 8<\/strong>\u00a0con la apertura escalonada del DDF hasta alcanzar un caudal m\u00e1ximo de 250 m\u00b3\/s, en\u00a0<strong>una operaci\u00f3n que se extender\u00e1 por aproximadamente una hora y media.<\/strong><\/p>\n\n\n\n<p>El objetivo del procedimiento es verificar la operatividad del sistema de seguridad del dique Potrerillos y de los complejos hidroel\u00e9ctricos Cacheuta y \u00c1lvarez Condarco. Para eso se realizar\u00e1n ensayos hidromec\u00e1nicos, inspecciones en componentes cr\u00edticos y batimetr\u00edas para medir la acumulaci\u00f3n de sedimentos en el descargador.<\/p>\n\n\n\n<h2 class=\"wp-block-heading\" id=\"h-importancia-del-descargador-de-fondo\">Importancia del descargador de fondo<\/h2>\n\n\n\n<p><strong>El descargador de fondo del dique Potrerillo<\/strong>s es un componente estrat\u00e9gico cuya funci\u00f3n principal es permitir el vaciado r\u00e1pido del embalse, desde su nivel m\u00e1ximo hasta la mitad de su altura, en un plazo m\u00e1ximo de diez d\u00edas.<\/p>\n\n\n\n<p>Adem\u00e1s&nbsp;<strong>posibilita la expulsi\u00f3n de sedimentos en suspensi\u00f3n durante eventos de crecida con agua barrosa<\/strong>, evitando as\u00ed obstrucciones aguas arriba. Y act\u00faa como un respaldo ante emergencias, ya que puede abastecer de agua para consumo urbano y riego si el sistema de aducci\u00f3n principal quedara fuera de servicio.<\/p>\n\n\n\n<p>El DDF est\u00e1 conformado por dos compuertas radiales de 2,5 metros de ancho por 4,10 metros de alto, que trabajan junto a una v\u00e1lvula Howell-Bunger para regular el caudal. La apertura completa de ambas compuertas permite reducir r\u00e1pidamente el nivel del embalse para disminuir la presi\u00f3n hidrost\u00e1tica sobre la presa.<\/p>\n\n\n\n<h2 class=\"wp-block-heading\" id=\"h-recomendaciones-a-la-poblacion\">Recomendaciones a la poblaci\u00f3n<\/h2>\n\n\n\n<p>Durante las maniobras, la ciudadan\u00eda deber\u00e1 cumplir las siguientes indicaciones de seguridad:<\/p>\n\n\n\n<ul>\n<li>No permanecer en las m\u00e1rgenes del r\u00edo Mendoza.<\/li>\n\n\n\n<li>Evitar actividades recreativas o deportivas en las zonas ribere\u00f1as.<\/li>\n\n\n\n<li>Atender las indicaciones de Defensa Civil y de las autoridades locales.<\/li>\n<\/ul>\n\n\n\n<p>Estas acciones, realizadas en forma peri\u00f3dica, son fundamentales para asegurar el correcto funcionamiento del dique Potrerillos y la protecci\u00f3n de la infraestructura h\u00eddrica y energ\u00e9tica de la provincia.<\/p>\n\n\n\n<p><strong>Fuente: www.elsol.com.ar<\/strong><\/p>\n","protected":false},"excerpt":{"rendered":"<p>El s\u00e1bado 30 de agosto se realizar\u00e1n maniobras de mantenimiento en el descargador de fondo (DDF) del dique Potrerillos. El procedimiento se realizar\u00e1 en simult\u00e1neo&nbsp;con la instalaci\u00f3n de un nuevo caudal\u00edmetro&nbsp;por parte de Aysam. Seg\u00fan expresaron desde el Gobierno de Mendoza, el servicio de agua potable en distintas zonas del \u00e1rea metropolitana estar\u00e1 cortado desde [&hellip;]<\/p>\n","protected":false},"author":2,"featured_media":14479,"comment_status":"open","ping_status":"open","sticky":false,"template":"","format":"standard","meta":[],"categories":[50],"tags":[],"_links":{"self":[{"href":"https:\/\/pasaenmendoza.com\/index.php?rest_route=\/wp\/v2\/posts\/14478"}],"collection":[{"href":"https:\/\/pasaenmendoza.com\/index.php?rest_route=\/wp\/v2\/posts"}],"about":[{"href":"https:\/\/pasaenmendoza.com\/index.php?rest_route=\/wp\/v2\/types\/post"}],"author":[{"embeddable":true,"href":"https:\/\/pasaenmendoza.com\/index.php?rest_route=\/wp\/v2\/users\/2"}],"replies":[{"embeddable":true,"href":"https:\/\/pasaenmendoza.com\/index.php?rest_route=%2Fwp%2Fv2%2Fcomments&post=14478"}],"version-history":[{"count":1,"href":"https:\/\/pasaenmendoza.com\/index.php?rest_route=\/wp\/v2\/posts\/14478\/revisions"}],"predecessor-version":[{"id":14480,"href":"https:\/\/pasaenmendoza.com\/index.php?rest_route=\/wp\/v2\/posts\/14478\/revisions\/14480"}],"wp:featuredmedia":[{"embeddable":true,"href":"https:\/\/pasaenmendoza.com\/index.php?rest_route=\/wp\/v2\/media\/14479"}],"wp:attachment":[{"href":"https:\/\/pasaenmendoza.com\/index.php?rest_route=%2Fwp%2Fv2%2Fmedia&parent=14478"}],"wp:term":[{"taxonomy":"category","embeddable":true,"href":"https:\/\/pasaenmendoza.com\/index.php?rest_route=%2Fwp%2Fv2%2Fcategories&post=14478"},{"taxonomy":"post_tag","embeddable":true,"href":"https:\/\/pasaenmendoza.com\/index.php?rest_route=%2Fwp%2Fv2%2Ftags&post=14478"}],"curies":[{"name":"wp","href":"https:\/\/api.w.org\/{rel}","templated":true}]}}