{"id":1448,"date":"2023-09-14T14:23:59","date_gmt":"2023-09-14T12:23:59","guid":{"rendered":"https:\/\/pasaenmendoza.com\/?p=1448"},"modified":"2023-09-14T14:24:00","modified_gmt":"2023-09-14T12:24:00","slug":"el-baqueano-la-estrategia-del-gobierno-para-ganar-tiempo-en-medio-de-la-campana-electoral","status":"publish","type":"post","link":"https:\/\/pasaenmendoza.com\/?p=1448","title":{"rendered":"El Baqueano: la estrategia del Gobierno para ganar tiempo en medio de la campa\u00f1a electoral"},"content":{"rendered":"\n<p>Se oficializ\u00f3 la convocatoria p\u00fablica consultiva, una instancia previa a la licitaci\u00f3n. Se busca esperar el resultado electoral y que la Naci\u00f3n revalide el acuerdo que Sergio Massa firm\u00f3 con Rodolfo Suarez.<\/p>\n\n\n\n<p>El&nbsp;<strong>Gobierno provincial&nbsp;<\/strong>public\u00f3 este viernes en el&nbsp;<strong>Bolet\u00edn Oficial<\/strong>&nbsp;un decreto que habilita una&nbsp;<strong>convocatoria p\u00fablica consultiva&nbsp;<\/strong>sobre la presa&nbsp;<strong>El Baqueano,<\/strong>&nbsp;la cual estar\u00e1 a cargo de la Empresa Mendocina de Energ\u00eda (Emesa).<\/p>\n\n\n\n<p>Si bien el gobernador Rodolfo Suarez hab\u00eda adelantado esta novedad el pasado jueves, a trav\u00e9s de la red social X, la confirmaci\u00f3n oficial por parte del Ejecutivo se dio a trav\u00e9s del decreto 1855.<\/p>\n\n\n\n<p>La medida surge con un doble objetivo. El primero, y el de menor importancia, es ganar tiempo en medio de una re\u00f1ida elecci\u00f3n presidencial, cuyo resultado puede modificar el panorama macroecon\u00f3mico.<\/p>\n\n\n\n<p>Por otro lado, y el punto m\u00e1s importante, tiene que ver con aguardar que la Naci\u00f3n le d\u00e9 forma de resoluci\u00f3n y publique en el Bolet\u00edn Oficial el acuerdo que Suarez firm\u00f3 con Sergio Massa por la energ\u00eda generada por la presa.<\/p>\n\n\n\n<p>El acuerdo no solo incluye a la hidroel\u00e9ctrica sobre el r\u00edo Diamante, sino que adem\u00e1s, establece un contrato a 15 a\u00f1os con la Compa\u00f1\u00eda Administradora del Mercado Mayorista El\u00e9ctrico Sociedad An\u00f3nima (Cammesa),&nbsp;<mark>con un precio que permitir\u00e1 a la Provincia recuperar la inversi\u00f3n de 500 millones de d\u00f3lares, recibir unos 1.200 millones de d\u00f3lares en concepto de energ\u00eda inyectada a la red nacional y reinvertir en obras hidroel\u00e9ctricas fundamentales para el desarrollo de la matriz productiva.<\/mark><\/p>\n\n\n\n<p>Desde el gobierno se\u00f1alaron adem\u00e1s que la&nbsp;<strong>convocatoria p\u00fablica consultiva<\/strong>&nbsp;es una instancia \u201ccom\u00fan\u201d en las obras de este tipo y aseguraron que \u201c<em>suele dejarse espacio de entre 30 y 60 d\u00edas para que las empresas hagan observaciones previo a las licitaciones<\/em>\u201c<\/p>\n\n\n\n<p>Los interesados en participar deber\u00e1n inscribirse en los pr\u00f3ximos 30 d\u00edas\u00a0en el sitio web de El Baqueano, y recibir\u00e1n las 3.500 p\u00e1ginas que componen la documentaci\u00f3n t\u00e9cnica de la presa -incluye c\u00e1lculos y planificaciones-.<\/p>\n\n\n\n<p>Para el Ejecutivo esto tiene dos beneficios fundamentales:\u00a0<mark>ofrecer transparencia en el proceso<\/mark>, ya que las potenciales interesadas en presentarse en la licitaci\u00f3n tendr\u00e1n la oportunidad de consultar y estudiar todos los detalles t\u00e9cnicos que requiere la hidroel\u00e9ctrica, \u00faltimo eslab\u00f3n del circuito planificado para toda la cuenca del Diamante; y\u00a0<mark>agilizar el proceso licitatorio<\/mark>, puesto que los interesados tendr\u00e1n un plazo de 60 d\u00edas para interiorizarse en los detalles de la obra.<\/p>\n\n\n\n<p>La construcci\u00f3n de la presa hidroel\u00e9ctrica ya super\u00f3 todas las instancias previas para su construcci\u00f3n, incluyendo el despacho favorable de la Legislatura y la obtenci\u00f3n de la Declaraci\u00f3n de Impacto Ambiental.<\/p>\n\n\n\n<p>El costo de la obra rondar\u00e1 los 500 millones de d\u00f3lares y se realizar\u00e1 con los fondos que la provincia posee de la frustrada construcci\u00f3n de Portezuelo del Viento.<\/p>\n\n\n\n<p>FUENTE: elsol.com.ar<\/p>\n","protected":false},"excerpt":{"rendered":"<p>Se oficializ\u00f3 la convocatoria p\u00fablica consultiva, una instancia previa a la licitaci\u00f3n. Se busca esperar el resultado electoral y que la Naci\u00f3n revalide el acuerdo que Sergio Massa firm\u00f3 con Rodolfo Suarez. El&nbsp;Gobierno provincial&nbsp;public\u00f3 este viernes en el&nbsp;Bolet\u00edn Oficial&nbsp;un decreto que habilita una&nbsp;convocatoria p\u00fablica consultiva&nbsp;sobre la presa&nbsp;El Baqueano,&nbsp;la cual estar\u00e1 a cargo de la Empresa [&hellip;]<\/p>\n","protected":false},"author":2,"featured_media":1449,"comment_status":"open","ping_status":"open","sticky":true,"template":"","format":"standard","meta":[],"categories":[47],"tags":[],"_links":{"self":[{"href":"https:\/\/pasaenmendoza.com\/index.php?rest_route=\/wp\/v2\/posts\/1448"}],"collection":[{"href":"https:\/\/pasaenmendoza.com\/index.php?rest_route=\/wp\/v2\/posts"}],"about":[{"href":"https:\/\/pasaenmendoza.com\/index.php?rest_route=\/wp\/v2\/types\/post"}],"author":[{"embeddable":true,"href":"https:\/\/pasaenmendoza.com\/index.php?rest_route=\/wp\/v2\/users\/2"}],"replies":[{"embeddable":true,"href":"https:\/\/pasaenmendoza.com\/index.php?rest_route=%2Fwp%2Fv2%2Fcomments&post=1448"}],"version-history":[{"count":1,"href":"https:\/\/pasaenmendoza.com\/index.php?rest_route=\/wp\/v2\/posts\/1448\/revisions"}],"predecessor-version":[{"id":1450,"href":"https:\/\/pasaenmendoza.com\/index.php?rest_route=\/wp\/v2\/posts\/1448\/revisions\/1450"}],"wp:featuredmedia":[{"embeddable":true,"href":"https:\/\/pasaenmendoza.com\/index.php?rest_route=\/wp\/v2\/media\/1449"}],"wp:attachment":[{"href":"https:\/\/pasaenmendoza.com\/index.php?rest_route=%2Fwp%2Fv2%2Fmedia&parent=1448"}],"wp:term":[{"taxonomy":"category","embeddable":true,"href":"https:\/\/pasaenmendoza.com\/index.php?rest_route=%2Fwp%2Fv2%2Fcategories&post=1448"},{"taxonomy":"post_tag","embeddable":true,"href":"https:\/\/pasaenmendoza.com\/index.php?rest_route=%2Fwp%2Fv2%2Ftags&post=1448"}],"curies":[{"name":"wp","href":"https:\/\/api.w.org\/{rel}","templated":true}]}}