{"id":14484,"date":"2025-08-29T16:17:38","date_gmt":"2025-08-29T14:17:38","guid":{"rendered":"https:\/\/pasaenmendoza.com\/?p=14484"},"modified":"2025-08-29T16:17:39","modified_gmt":"2025-08-29T14:17:39","slug":"los-policias-que-robaron-en-la-jefatura-vial-podrian-ir-10-anos-a-la-carcel","status":"publish","type":"post","link":"https:\/\/pasaenmendoza.com\/?p=14484","title":{"rendered":"Los polic\u00edas que robaron en la Jefatura Vial podr\u00edan ir 10 a\u00f1os a la c\u00e1rcel"},"content":{"rendered":"\n<p>El procurador general de la Corte de Mendoza y titular del Ministerio P\u00fablico Fiscal,\u00a0<strong>Alejandro Gull\u00e9<\/strong>, dialog\u00f3 este viernes por la ma\u00f1ana con Gabriel Conte en\u00a0<em>Ten\u00e9s que saberlo\u00a0<\/em>por\u00a0Radio Post\u00a0(92.1 en el Gran Mendoza y San Mart\u00edn, 96.9 en Luj\u00e1n de Cuyo y 96.7 en La Paz) por el\u00a0hecho ocurrido en la Polic\u00eda Vial de Guaymall\u00e9n\u00a0tras el robo de pertenencias de un veh\u00edculo secuestrado en un control de tr\u00e1nsito\u00a0y c\u00f3mo actu\u00f3 la Fiscal\u00eda.<\/p>\n\n\n\n<p>&#8220;Que un polic\u00eda cometa un delito no implica que el resto deba ser maltratado por esta circunstancia. Yo reivindico al personal policial, creo que estos deben ser hechos aislados&#8221;, comenz\u00f3 diciendo el procurador general.<\/p>\n\n\n\n<p>&#8220;El ayudante fiscal le comunic\u00f3 al Dr. Blanco, quien actu\u00f3 y gracias a eso encontraron en la requisa, en las alforjas de la moto de un subayudante muchas de las pertenencias. El resto de las cosas estaban adentro de la Vial.&nbsp;<strong>Esto va a ser remitido a delitos econ\u00f3micos porque esto es malversaci\u00f3n<\/strong>, porque es alguien que sustrae cosas que tiene bajo su custodia, esto arriesga una pena de 2 a 10 a\u00f1os de prisi\u00f3n&#8221;, a\u00f1adi\u00f3.<\/p>\n\n\n\n<p>Sobre la investigaci\u00f3n del caso asegur\u00f3: &#8220;Est\u00e1 bien encaminada, no se pueden dar nombres todav\u00eda. La Inspecci\u00f3n de Seguridad va a hacer lo suyo tambi\u00e9n porque esto lleva una investigaci\u00f3n administrativa y una judicial&#8221;.<\/p>\n\n\n\n<p>Al ser consultado sobre la normativa que marca que ante el secuestro de un veh\u00edculo no pueden retirarse las pertenencias del interior remarc\u00f3: &#8220;No tiene ning\u00fan sentido, porque se puede retener si encuentran un arma u otras cosas, pero documentaci\u00f3n personal no tiene, por ejemplo, por qu\u00e9 ser trasladada con el veh\u00edculo&#8221;.<\/p>\n\n\n\n<p><strong>El caso<\/strong><\/p>\n\n\n\n<p>El s\u00e1bado por la noche, un joven circulaba en su camioneta cuando fue frenado en un control el Acceso Este a la altura del Predio de la Virgen. Un positivo control de alcoholemia deriv\u00f3 en el secuestro del veh\u00edculo y el traslado a la Comisar\u00eda 25\u00b0 de San Jos\u00e9.\u00a0<\/p>\n\n\n\n<p>Fuera de los malos tratos y algunas irregularidades con el alcohol\u00edmetro, lo grave ocurri\u00f3 cuando al revisar la camioneta a la ma\u00f1ana siguiente, no encontraron ninguna de las pertenencias que estaban en el interior. El hombre realiz\u00f3 la denuncia que est\u00e1 en al fiscal\u00eda y el fiscal orden\u00f3 un allanamiento en el lugar, en el cual encontraron los objetos desaparecidos, muchos de ellos en al alforja de una moto.<\/p>\n\n\n\n<p><strong>Fuente: www.mendozapost.com<\/strong><\/p>\n","protected":false},"excerpt":{"rendered":"<p>El procurador general de la Corte de Mendoza y titular del Ministerio P\u00fablico Fiscal,\u00a0Alejandro Gull\u00e9, dialog\u00f3 este viernes por la ma\u00f1ana con Gabriel Conte en\u00a0Ten\u00e9s que saberlo\u00a0por\u00a0Radio Post\u00a0(92.1 en el Gran Mendoza y San Mart\u00edn, 96.9 en Luj\u00e1n de Cuyo y 96.7 en La Paz) por el\u00a0hecho ocurrido en la Polic\u00eda Vial de Guaymall\u00e9n\u00a0tras el [&hellip;]<\/p>\n","protected":false},"author":2,"featured_media":14485,"comment_status":"open","ping_status":"open","sticky":false,"template":"","format":"standard","meta":[],"categories":[48],"tags":[],"_links":{"self":[{"href":"https:\/\/pasaenmendoza.com\/index.php?rest_route=\/wp\/v2\/posts\/14484"}],"collection":[{"href":"https:\/\/pasaenmendoza.com\/index.php?rest_route=\/wp\/v2\/posts"}],"about":[{"href":"https:\/\/pasaenmendoza.com\/index.php?rest_route=\/wp\/v2\/types\/post"}],"author":[{"embeddable":true,"href":"https:\/\/pasaenmendoza.com\/index.php?rest_route=\/wp\/v2\/users\/2"}],"replies":[{"embeddable":true,"href":"https:\/\/pasaenmendoza.com\/index.php?rest_route=%2Fwp%2Fv2%2Fcomments&post=14484"}],"version-history":[{"count":1,"href":"https:\/\/pasaenmendoza.com\/index.php?rest_route=\/wp\/v2\/posts\/14484\/revisions"}],"predecessor-version":[{"id":14486,"href":"https:\/\/pasaenmendoza.com\/index.php?rest_route=\/wp\/v2\/posts\/14484\/revisions\/14486"}],"wp:featuredmedia":[{"embeddable":true,"href":"https:\/\/pasaenmendoza.com\/index.php?rest_route=\/wp\/v2\/media\/14485"}],"wp:attachment":[{"href":"https:\/\/pasaenmendoza.com\/index.php?rest_route=%2Fwp%2Fv2%2Fmedia&parent=14484"}],"wp:term":[{"taxonomy":"category","embeddable":true,"href":"https:\/\/pasaenmendoza.com\/index.php?rest_route=%2Fwp%2Fv2%2Fcategories&post=14484"},{"taxonomy":"post_tag","embeddable":true,"href":"https:\/\/pasaenmendoza.com\/index.php?rest_route=%2Fwp%2Fv2%2Ftags&post=14484"}],"curies":[{"name":"wp","href":"https:\/\/api.w.org\/{rel}","templated":true}]}}