{"id":14487,"date":"2025-08-29T23:00:28","date_gmt":"2025-08-29T21:00:28","guid":{"rendered":"https:\/\/pasaenmendoza.com\/?p=14487"},"modified":"2025-08-29T23:00:28","modified_gmt":"2025-08-29T21:00:28","slug":"nevara-en-la-cordillera-y-cerraran-el-paso-a-chile-este-sabado","status":"publish","type":"post","link":"https:\/\/pasaenmendoza.com\/?p=14487","title":{"rendered":"Nevar\u00e1 en la cordillera y cerrar\u00e1n el paso a Chile este s\u00e1bado"},"content":{"rendered":"\n<p>Se esperan\u00a0<strong>nevadas<\/strong>\u00a0para este s\u00e1bado en la alta monta\u00f1a, por lo que las autoridades que coordinan\u00a0<strong>el Sistema Integrado Cristo Redentor<\/strong>\u00a0decidieron el cierre del\u00a0<strong>paso a Chile<\/strong>\u00a0ma\u00f1ana de forma preventiva.\u00a0<\/p>\n\n\n\n<p>De esta manera, el cruce estar\u00e1 habilitado hasta este viernes a las 21, a\u00fan en horario invernal. Cabe recordar que desde el lunes 1 de septiembre comienza \u00b4la temporada estival y la apertura 24 horas.\u00a0<\/p>\n\n\n\n<figure class=\"wp-block-image\"><img decoding=\"async\" src=\"https:\/\/statics.diariomendoza.com.ar\/2025\/08\/crop\/68b1cf5b146b4__780x780.webp\" alt=\"nuevo horario del paso a Chile\"\/><\/figure>\n\n\n\n<p>Antes de esto, habr\u00e1 que ver la evoluci\u00f3n del temporal de&nbsp;<strong>nieve&nbsp;<\/strong>pensando en una reapertura el domingo.&nbsp;<\/p>\n\n\n\n<h3 class=\"wp-block-heading\">&nbsp;<\/h3>\n\n\n\n<h3 class=\"wp-block-heading\">El comunicada para este s\u00e1bado<\/h3>\n\n\n\n<figure class=\"wp-block-image\"><img decoding=\"async\" src=\"https:\/\/statics.diariomendoza.com.ar\/2025\/08\/crop\/68b1d0d9a43c8__780x780.webp\" alt=\"cierre del paso a Chile 30 de agosto\"\/><\/figure>\n\n\n\n<p><strong>Fuente: www.diariomendoza.com.ar<\/strong><\/p>\n","protected":false},"excerpt":{"rendered":"<p>Se esperan\u00a0nevadas\u00a0para este s\u00e1bado en la alta monta\u00f1a, por lo que las autoridades que coordinan\u00a0el Sistema Integrado Cristo Redentor\u00a0decidieron el cierre del\u00a0paso a Chile\u00a0ma\u00f1ana de forma preventiva.\u00a0 De esta manera, el cruce estar\u00e1 habilitado hasta este viernes a las 21, a\u00fan en horario invernal. Cabe recordar que desde el lunes 1 de septiembre comienza \u00b4la [&hellip;]<\/p>\n","protected":false},"author":2,"featured_media":14488,"comment_status":"open","ping_status":"open","sticky":false,"template":"","format":"standard","meta":[],"categories":[66],"tags":[],"_links":{"self":[{"href":"https:\/\/pasaenmendoza.com\/index.php?rest_route=\/wp\/v2\/posts\/14487"}],"collection":[{"href":"https:\/\/pasaenmendoza.com\/index.php?rest_route=\/wp\/v2\/posts"}],"about":[{"href":"https:\/\/pasaenmendoza.com\/index.php?rest_route=\/wp\/v2\/types\/post"}],"author":[{"embeddable":true,"href":"https:\/\/pasaenmendoza.com\/index.php?rest_route=\/wp\/v2\/users\/2"}],"replies":[{"embeddable":true,"href":"https:\/\/pasaenmendoza.com\/index.php?rest_route=%2Fwp%2Fv2%2Fcomments&post=14487"}],"version-history":[{"count":1,"href":"https:\/\/pasaenmendoza.com\/index.php?rest_route=\/wp\/v2\/posts\/14487\/revisions"}],"predecessor-version":[{"id":14489,"href":"https:\/\/pasaenmendoza.com\/index.php?rest_route=\/wp\/v2\/posts\/14487\/revisions\/14489"}],"wp:featuredmedia":[{"embeddable":true,"href":"https:\/\/pasaenmendoza.com\/index.php?rest_route=\/wp\/v2\/media\/14488"}],"wp:attachment":[{"href":"https:\/\/pasaenmendoza.com\/index.php?rest_route=%2Fwp%2Fv2%2Fmedia&parent=14487"}],"wp:term":[{"taxonomy":"category","embeddable":true,"href":"https:\/\/pasaenmendoza.com\/index.php?rest_route=%2Fwp%2Fv2%2Fcategories&post=14487"},{"taxonomy":"post_tag","embeddable":true,"href":"https:\/\/pasaenmendoza.com\/index.php?rest_route=%2Fwp%2Fv2%2Ftags&post=14487"}],"curies":[{"name":"wp","href":"https:\/\/api.w.org\/{rel}","templated":true}]}}