{"id":14490,"date":"2025-08-29T23:04:44","date_gmt":"2025-08-29T21:04:44","guid":{"rendered":"https:\/\/pasaenmendoza.com\/?p=14490"},"modified":"2025-08-29T23:04:45","modified_gmt":"2025-08-29T21:04:45","slug":"por-el-pronostico-de-fuertes-lluvias-se-suspendio-el-corte-de-agua-en-el-gran-mendoza","status":"publish","type":"post","link":"https:\/\/pasaenmendoza.com\/?p=14490","title":{"rendered":"Por el pron\u00f3stico de fuertes lluvias, se suspendi\u00f3 el corte de agua en el Gran Mendoza"},"content":{"rendered":"\n<p><strong>Aguas Mendocinas<\/strong>\u00a0decidi\u00f3 suspender el\u00a0<strong>corte de agua<\/strong>\u00a0que estaba previsto para este s\u00e1bado 30 de agosto en diversas zonas del\u00a0Gran Mendoza. La empresa prestadora del servicio inform\u00f3 que las tareas programadas en el Establecimiento Potabilizador Potrerillos fueron reprogramadas para el s\u00e1bado 6 de septiembre debido a las intensas lluvias que se esperan este fin de semana.<\/p>\n\n\n\n<p>La interrupci\u00f3n del suministro iba a comenzar a las 3.30 de la madrugada y se extender\u00eda por aproximadamente 12 horas. Los trabajos inclu\u00edan la instalaci\u00f3n de un caudal\u00edmetro en la planta de Potrerillos y pruebas de seguridad en el descargador de fondo del dique. Esta suspensi\u00f3n beneficiaba a m\u00e1s de 1.100.000 habitantes que dependen del sistema de distribuci\u00f3n de agua potable.<\/p>\n\n\n\n<p>Las zonas que iban a verse afectadas por el\u00a0<strong>corte de agua<\/strong>\u00a0inclu\u00edan barrios de Ciudad como La Favorita, sectores de Godoy Cruz entre Acceso Sur y 9 de Julio, y \u00e1reas de Guaymall\u00e9n como Rodeo de la Cruz y Jes\u00fas Nazareno. Tambi\u00e9n estaban contemplados cortes en gran parte de Luj\u00e1n, abarcando Chacras, Potrerillos y Cacheuta, adem\u00e1s de los distritos maipucinos de Coquimbito y Luzuriaga.<\/p>\n\n\n\n<p><strong>Aguas Mendocinas<\/strong>&nbsp;hab\u00eda advertido que el servicio no se restablecer\u00eda inmediatamente tras finalizar los trabajos t\u00e9cnicos. La normalizaci\u00f3n del suministro estaba prevista de manera gradual entre 24 y 48 horas posteriores, es decir, desde la noche del domingo hasta el lunes. Ahora, estos plazos se trasladan a la nueva fecha programada.<\/p>\n\n\n\n<p>Los trabajos forman parte de un plan de mejoramiento del sistema de distribuci\u00f3n h\u00eddrica provincial. La instalaci\u00f3n del caudal\u00edmetro en Potrerillos y los preparativos para colocar otros dos equipos similares en la planta Luj\u00e1n II buscan optimizar el control del caudal. Con estas nuevas incorporaciones, la provincia contar\u00e1 con nueve caudal\u00edmetros en total.<\/p>\n\n\n\n<p><strong>Fuente: www.mdzol.com<\/strong><\/p>\n","protected":false},"excerpt":{"rendered":"<p>Aguas Mendocinas\u00a0decidi\u00f3 suspender el\u00a0corte de agua\u00a0que estaba previsto para este s\u00e1bado 30 de agosto en diversas zonas del\u00a0Gran Mendoza. La empresa prestadora del servicio inform\u00f3 que las tareas programadas en el Establecimiento Potabilizador Potrerillos fueron reprogramadas para el s\u00e1bado 6 de septiembre debido a las intensas lluvias que se esperan este fin de semana. La [&hellip;]<\/p>\n","protected":false},"author":2,"featured_media":14491,"comment_status":"open","ping_status":"open","sticky":false,"template":"","format":"standard","meta":[],"categories":[50],"tags":[],"_links":{"self":[{"href":"https:\/\/pasaenmendoza.com\/index.php?rest_route=\/wp\/v2\/posts\/14490"}],"collection":[{"href":"https:\/\/pasaenmendoza.com\/index.php?rest_route=\/wp\/v2\/posts"}],"about":[{"href":"https:\/\/pasaenmendoza.com\/index.php?rest_route=\/wp\/v2\/types\/post"}],"author":[{"embeddable":true,"href":"https:\/\/pasaenmendoza.com\/index.php?rest_route=\/wp\/v2\/users\/2"}],"replies":[{"embeddable":true,"href":"https:\/\/pasaenmendoza.com\/index.php?rest_route=%2Fwp%2Fv2%2Fcomments&post=14490"}],"version-history":[{"count":1,"href":"https:\/\/pasaenmendoza.com\/index.php?rest_route=\/wp\/v2\/posts\/14490\/revisions"}],"predecessor-version":[{"id":14492,"href":"https:\/\/pasaenmendoza.com\/index.php?rest_route=\/wp\/v2\/posts\/14490\/revisions\/14492"}],"wp:featuredmedia":[{"embeddable":true,"href":"https:\/\/pasaenmendoza.com\/index.php?rest_route=\/wp\/v2\/media\/14491"}],"wp:attachment":[{"href":"https:\/\/pasaenmendoza.com\/index.php?rest_route=%2Fwp%2Fv2%2Fmedia&parent=14490"}],"wp:term":[{"taxonomy":"category","embeddable":true,"href":"https:\/\/pasaenmendoza.com\/index.php?rest_route=%2Fwp%2Fv2%2Fcategories&post=14490"},{"taxonomy":"post_tag","embeddable":true,"href":"https:\/\/pasaenmendoza.com\/index.php?rest_route=%2Fwp%2Fv2%2Ftags&post=14490"}],"curies":[{"name":"wp","href":"https:\/\/api.w.org\/{rel}","templated":true}]}}