{"id":14493,"date":"2025-08-29T23:08:46","date_gmt":"2025-08-29T21:08:46","guid":{"rendered":"https:\/\/pasaenmendoza.com\/?p=14493"},"modified":"2025-08-29T23:08:47","modified_gmt":"2025-08-29T21:08:47","slug":"evacuaron-a-dos-familias-con-ninos-por-un-incendio-que-comenzo-en-un-campo-inculto-en-lujan-de-cuyo","status":"publish","type":"post","link":"https:\/\/pasaenmendoza.com\/?p=14493","title":{"rendered":"Evacuaron a dos familias con ni\u00f1os por un incendio que comenz\u00f3 en un campo inculto en Luj\u00e1n de Cuyo"},"content":{"rendered":"\n<p>Un\u00a0<strong>incendio<\/strong>\u00a0que comenz\u00f3 este viernes a la siesta en un campo inculto oblig\u00f3 a la evacuaci\u00f3n de dos familias con ni\u00f1os en<strong>\u00a0Luj\u00e1n de Cuyo<\/strong>. Hubo preocupaci\u00f3n de muchos conductores por el denso humo gris que pudo apreciarse de diferentes puntos de la Ruta 16, incluso desde el Acceso Sur.<\/p>\n\n\n\n<p>Pasadas las 16.30, se cort\u00f3 el tr\u00e1nsito en la<strong>\u00a0Ruta 16,<\/strong>\u00a0a la altura de la entrada a El Carrizal, en un tramo de alrededor 5 kil\u00f3metros.<\/p>\n\n\n\n<p>A ese mismo horario arribaron los\u00a0<strong>bomberos<\/strong>\u00a0del departamento ante la queja de los vecinos que hab\u00edan llamado al 911 una hora antes, seg\u00fan sus testimonios.<\/p>\n\n\n\n<h2 class=\"wp-block-heading\">El incendio en Luj\u00e1n de Cuyo<\/h2>\n\n\n\n<p>Una de las familias evacuadas est\u00e1 compuesta por la mam\u00e1, el pap\u00e1 y<strong>&nbsp;cinco hijos&nbsp;<\/strong>menores de 5 a\u00f1os. La escena fue conmovedora al ver a las mujeres sacar de la casa las pocas cosas de los ni\u00f1os en unas bolsas y un cochecito de beb\u00e9. Tambi\u00e9n retiraron una garrafa por precauci\u00f3n.<\/p>\n\n\n\n<p>Los peque\u00f1os -entre ellos unos mellizos- fueron puestos a resguardo en la casa de enfrente de una vecina que se ofreci\u00f3 para cuidarlos. M\u00e1s tarde fueron trasladados a la casa de un familiar.<\/p>\n\n\n\n<p>En una de las propiedades lindantes al\u00a0<strong>incendio<\/strong>, las llamas alcanzaron a un\u00a0<strong>micro<\/strong>\u00a0abandonado que explot\u00f3 y requiri\u00f3 la actuaci\u00f3n urgente de Bomberos.<\/p>\n\n\n\n<p>Tambi\u00e9n cont\u00f3 que los efectivos trabajaron desde el techo de una de las casas para evitar su propagaci\u00f3n. Solamente uno de los inmuebles sufri\u00f3 da\u00f1os, por lo que se esperaba la llegada del personal de la Municipalidad de Luj\u00e1n para verificar si se encontraba habitable o no.<\/p>\n\n\n\n<p>El fuego se extendi\u00f3 a lo largo de 1.500 metros sobre la vera de la Ruta 16 km 4 -a un kil\u00f3metro de la Ruta 40- y despu\u00e9s de dos horas a\u00fan permanec\u00edan 3 focos activos.<\/p>\n\n\n\n<p>Desde Defensa Civil ya hab\u00edan alertado por\u00a0m\u00e1s de un centenar de<strong>\u00a0incendios<\/strong>\u00a0registrados esta semana\u00a0a causa de la imprudencia. En este caso, a\u00fan se desconocen los motivos que lo generaron.<\/p>\n\n\n\n<p><strong>Fuente: www.diariouno.com.ar<\/strong><\/p>\n","protected":false},"excerpt":{"rendered":"<p>Un\u00a0incendio\u00a0que comenz\u00f3 este viernes a la siesta en un campo inculto oblig\u00f3 a la evacuaci\u00f3n de dos familias con ni\u00f1os en\u00a0Luj\u00e1n de Cuyo. Hubo preocupaci\u00f3n de muchos conductores por el denso humo gris que pudo apreciarse de diferentes puntos de la Ruta 16, incluso desde el Acceso Sur. Pasadas las 16.30, se cort\u00f3 el tr\u00e1nsito [&hellip;]<\/p>\n","protected":false},"author":2,"featured_media":14494,"comment_status":"open","ping_status":"open","sticky":false,"template":"","format":"standard","meta":[],"categories":[50],"tags":[],"_links":{"self":[{"href":"https:\/\/pasaenmendoza.com\/index.php?rest_route=\/wp\/v2\/posts\/14493"}],"collection":[{"href":"https:\/\/pasaenmendoza.com\/index.php?rest_route=\/wp\/v2\/posts"}],"about":[{"href":"https:\/\/pasaenmendoza.com\/index.php?rest_route=\/wp\/v2\/types\/post"}],"author":[{"embeddable":true,"href":"https:\/\/pasaenmendoza.com\/index.php?rest_route=\/wp\/v2\/users\/2"}],"replies":[{"embeddable":true,"href":"https:\/\/pasaenmendoza.com\/index.php?rest_route=%2Fwp%2Fv2%2Fcomments&post=14493"}],"version-history":[{"count":1,"href":"https:\/\/pasaenmendoza.com\/index.php?rest_route=\/wp\/v2\/posts\/14493\/revisions"}],"predecessor-version":[{"id":14495,"href":"https:\/\/pasaenmendoza.com\/index.php?rest_route=\/wp\/v2\/posts\/14493\/revisions\/14495"}],"wp:featuredmedia":[{"embeddable":true,"href":"https:\/\/pasaenmendoza.com\/index.php?rest_route=\/wp\/v2\/media\/14494"}],"wp:attachment":[{"href":"https:\/\/pasaenmendoza.com\/index.php?rest_route=%2Fwp%2Fv2%2Fmedia&parent=14493"}],"wp:term":[{"taxonomy":"category","embeddable":true,"href":"https:\/\/pasaenmendoza.com\/index.php?rest_route=%2Fwp%2Fv2%2Fcategories&post=14493"},{"taxonomy":"post_tag","embeddable":true,"href":"https:\/\/pasaenmendoza.com\/index.php?rest_route=%2Fwp%2Fv2%2Ftags&post=14493"}],"curies":[{"name":"wp","href":"https:\/\/api.w.org\/{rel}","templated":true}]}}