{"id":14496,"date":"2025-08-29T23:15:07","date_gmt":"2025-08-29T21:15:07","guid":{"rendered":"https:\/\/pasaenmendoza.com\/?p=14496"},"modified":"2025-08-29T23:15:08","modified_gmt":"2025-08-29T21:15:08","slug":"las-recomendaciones-y-advertencias-por-la-tormenta-de-santa-rosa-que-llegara-con-intensas-lluvias","status":"publish","type":"post","link":"https:\/\/pasaenmendoza.com\/?p=14496","title":{"rendered":"Las recomendaciones y advertencias por la tormenta de Santa Rosa que llegar\u00e1 con intensas lluvias"},"content":{"rendered":"\n<p>Todos los\u00a0<strong>pron\u00f3sticos\u00a0<\/strong>coinciden en que la\u00a0<strong>tormenta de Santa Rosa<\/strong>\u00a0se cumplir\u00e1 al pie de la letra y hasta un poco m\u00e1s con abundantes\u00a0<strong>lluvias\u00a0<\/strong>que comenzar\u00e1n en la noche de este viernes y se extender\u00e1n hasta la noche del domingo. Tal podr\u00eda ser su magnitud que\u00a0<strong>recomendaron no salir de las casas<\/strong>\u00a0si no es extremadamente necesario, adem\u00e1s de tomar todas las precauciones necesarias ante este fen\u00f3meno que afectar\u00e1 a toda\u00a0<strong>Mendoza<\/strong>.<\/p>\n\n\n\n<p>Despu\u00e9s de una semana de\u00a0<strong>primavera<\/strong>, el viento del sur que se espera que ingrese desde la tarde noche cambiar\u00e1 el panorama por completo. Llegar\u00e1n las nubes, habr\u00e1 un aumento de la humedad y las\u00a0<strong>lluvias\u00a0<\/strong>comenzar\u00e1n en el sur de la provincia.<\/p>\n\n\n\n<p>Esas&nbsp;<strong>precipitaciones&nbsp;<\/strong>se extender\u00e1n hacia el Valle de Uco hasta llegar al Gran Mendoza y a la zona Este durante la madrugada del s\u00e1bado, con mucha ca\u00edda de&nbsp;<strong>agua<\/strong>.<\/p>\n\n\n\n<p>La meteor\u00f3loga\u00a0<strong>Elizabeth Naranjo Tamayo<\/strong>\u00a0explic\u00f3\u00a0que este sistema que ingresar\u00e1 y se mantendr\u00e1 durante dos d\u00edas tambi\u00e9n afectar\u00e1 la alta monta\u00f1a con\u00a0<strong>nevadas<\/strong>. Por esto mismo, los coordinadores del\u00a0<strong>Paso Cristo Redentor\u00a0<\/strong>ya anunciaron el\u00a0<strong>cierre\u00a0<\/strong>del t\u00fanel internacional durante todo el s\u00e1bado.<\/p>\n\n\n\n<h2 class=\"wp-block-heading\">Lo que pasar\u00e1 con la tormenta de Santa Rosa<\/h2>\n\n\n\n<p><strong>Elizabeth Naranjo Tamayo&nbsp;<\/strong>explic\u00f3 que estas lluvias ser\u00e1n consecuencia de un sistema llamado &#8220;<strong>baja segregada<\/strong>&#8221; que es un n\u00facleo fr\u00edo que se instala en altura y que puede quedarse inm\u00f3vil varios d\u00edas, por lo que se generan estas situaciones generalmente en invierno y en primavera.<\/p>\n\n\n\n<p>La especialista sostuvo que este sistema se alimenta de\u00a0<strong>calor\u00a0<\/strong>y\u00a0<strong>humedad<\/strong>, justo lo que ocurri\u00f3 en esta \u00faltima semana cuando las m\u00e1ximas superaron todos los d\u00edas los 20 grados.<\/p>\n\n\n\n<p>En cuanto a la&nbsp;<strong>humedad<\/strong>, si bien no estuvo muy elevada en estos d\u00edas, desde la ma\u00f1ana de este viernes ya se registraba 56% de humedad, lo que sirve para esta baja segregada que traer\u00e1&nbsp;<strong>lluvias<\/strong>.<\/p>\n\n\n\n<p>&#8220;Es muy dif\u00edcil de&nbsp;<strong>pronosticar&nbsp;<\/strong>porque es muy din\u00e1mico. Uno puede tener una idea de los posibles efectos como vientos del sur y abundantes&nbsp;<strong>lluvias<\/strong>, pero no se puede saber cu\u00e1nto va a caer&#8221;, por lo que recomend\u00f3 a los mendocinos estar muy atentos a las actualizaciones del&nbsp;<strong>pron\u00f3stico del tiempo<\/strong>.<\/p>\n\n\n\n<h2 class=\"wp-block-heading\">Posible r\u00e9cord y nevadas en alta monta\u00f1a con la tormenta de Santa Rosa<\/h2>\n\n\n\n<p>&#8220;Se puede romper el\u00a0<strong>r\u00e9cord\u00a0<\/strong>hist\u00f3rico de precipitaci\u00f3n m\u00e1xima diaria para el mes de agosto que es de 19,3 mil\u00edmetros y que fue el 29 de agosto de\u00a0<strong>2024<\/strong>.<\/p>\n\n\n\n<p>Dijo que a lo largo de este fin de semana &#8220;los valores de\u00a0<strong>precipitaci\u00f3n acumulada\u00a0<\/strong>podr\u00eda ser entre 60 y 80 mil\u00edmetros en el Valle de Uco, sur y Gran Mendoza, es much\u00edsimo y podr\u00edan ser superados de manera puntual&#8221;.<\/p>\n\n\n\n<p>Adem\u00e1s, no descart\u00f3 que en medio de esta&nbsp;<strong>tormenta de Santa Rosa<\/strong>, tambi\u00e9n ocurran tormentas en algunos sectores: &#8220;Ser\u00e1 persistente en toda la provincia el s\u00e1bado y domingo, ambos d\u00edas va a estar con&nbsp;<strong>viento&nbsp;<\/strong>moderado del sur, y hay una&nbsp;<strong>alerta amarilla<\/strong>&nbsp;emitida por el Servicio Meteorol\u00f3gico Nacional por&nbsp;<strong>lluvias&nbsp;<\/strong>de variada intensidad las cuales por momentos pueden ser&nbsp;<strong>fuertes<\/strong>&#8220;.<\/p>\n\n\n\n<p>Como si fuese poco, tambi\u00e9n habr\u00e1 un marcado&nbsp;<strong>descenso&nbsp;<\/strong>de&nbsp;<strong>temperatura&nbsp;<\/strong>con casi nada de amplitud t\u00e9rmica, ya que el s\u00e1bado se espera una m\u00ednima de 9 grados y una m\u00e1xima de apenas 10 grados, mientras que el s\u00e1bado el term\u00f3metro de mover\u00e1 entre los 6 grados de m\u00ednima y 7 grados de m\u00e1xima.<\/p>\n\n\n\n<h2 class=\"wp-block-heading\">La tormenta de Santa Rosa tambi\u00e9n llega con nevadas<\/h2>\n\n\n\n<p>La meteor\u00f3loga agreg\u00f3 que este fen\u00f3meno tambi\u00e9n afectar\u00e1 la cordillera con&nbsp;<strong>nevadas&nbsp;<\/strong>de variada intensidad. &#8220;Puede nevar entre 30 y 60 cent\u00edmetros en alta monta\u00f1a de Mendoza&#8221;.<\/p>\n\n\n\n<p>Esto coincide con los pron\u00f3sticos consultados con los coordinadores del\u00a0<strong>Paso Cristo Redentor<\/strong>\u00a0que ya alertaron que durante el s\u00e1bado el t\u00fanel internacional permanecer\u00e1\u00a0<strong>cerrado<\/strong>.<\/p>\n\n\n\n<p>Los diferentes servicios consultados se\u00f1alaron que se esperan&nbsp;<strong>nevadas<\/strong>&nbsp;desde el mediod\u00eda del s\u00e1bado hasta la noche. Y si nada cambia, ocurrir\u00e1 lo mismo durante el domingo.<\/p>\n\n\n\n<p><strong>Elizabeth Naranjo Tamayo<\/strong>\u00a0agreg\u00f3 que reci\u00e9n en la noche del domingo o madrugada del lunes cambian las condiciones del tiempo y terminan las\u00a0<strong>lluvias\u00a0<\/strong>que traer\u00e1 la\u00a0<strong>tormenta de Santa Rosa<\/strong>.<\/p>\n\n\n\n<p><strong>Fuente: www.diariouno.com.ar<\/strong><\/p>\n","protected":false},"excerpt":{"rendered":"<p>Todos los\u00a0pron\u00f3sticos\u00a0coinciden en que la\u00a0tormenta de Santa Rosa\u00a0se cumplir\u00e1 al pie de la letra y hasta un poco m\u00e1s con abundantes\u00a0lluvias\u00a0que comenzar\u00e1n en la noche de este viernes y se extender\u00e1n hasta la noche del domingo. Tal podr\u00eda ser su magnitud que\u00a0recomendaron no salir de las casas\u00a0si no es extremadamente necesario, adem\u00e1s de tomar todas [&hellip;]<\/p>\n","protected":false},"author":2,"featured_media":14497,"comment_status":"open","ping_status":"open","sticky":false,"template":"","format":"standard","meta":[],"categories":[50],"tags":[],"_links":{"self":[{"href":"https:\/\/pasaenmendoza.com\/index.php?rest_route=\/wp\/v2\/posts\/14496"}],"collection":[{"href":"https:\/\/pasaenmendoza.com\/index.php?rest_route=\/wp\/v2\/posts"}],"about":[{"href":"https:\/\/pasaenmendoza.com\/index.php?rest_route=\/wp\/v2\/types\/post"}],"author":[{"embeddable":true,"href":"https:\/\/pasaenmendoza.com\/index.php?rest_route=\/wp\/v2\/users\/2"}],"replies":[{"embeddable":true,"href":"https:\/\/pasaenmendoza.com\/index.php?rest_route=%2Fwp%2Fv2%2Fcomments&post=14496"}],"version-history":[{"count":1,"href":"https:\/\/pasaenmendoza.com\/index.php?rest_route=\/wp\/v2\/posts\/14496\/revisions"}],"predecessor-version":[{"id":14498,"href":"https:\/\/pasaenmendoza.com\/index.php?rest_route=\/wp\/v2\/posts\/14496\/revisions\/14498"}],"wp:featuredmedia":[{"embeddable":true,"href":"https:\/\/pasaenmendoza.com\/index.php?rest_route=\/wp\/v2\/media\/14497"}],"wp:attachment":[{"href":"https:\/\/pasaenmendoza.com\/index.php?rest_route=%2Fwp%2Fv2%2Fmedia&parent=14496"}],"wp:term":[{"taxonomy":"category","embeddable":true,"href":"https:\/\/pasaenmendoza.com\/index.php?rest_route=%2Fwp%2Fv2%2Fcategories&post=14496"},{"taxonomy":"post_tag","embeddable":true,"href":"https:\/\/pasaenmendoza.com\/index.php?rest_route=%2Fwp%2Fv2%2Ftags&post=14496"}],"curies":[{"name":"wp","href":"https:\/\/api.w.org\/{rel}","templated":true}]}}