{"id":14500,"date":"2025-09-01T19:20:30","date_gmt":"2025-09-01T17:20:30","guid":{"rendered":"https:\/\/pasaenmendoza.com\/?p=14500"},"modified":"2025-09-01T19:20:30","modified_gmt":"2025-09-01T17:20:30","slug":"la-tormenta-de-santa-rosa-alcanzo-el-record-historico-de-lluvias-de-invierno-desde-1956","status":"publish","type":"post","link":"https:\/\/pasaenmendoza.com\/?p=14500","title":{"rendered":"La tormenta de Santa Rosa alcanz\u00f3 el r\u00e9cord hist\u00f3rico de lluvias de invierno desde 1956"},"content":{"rendered":"\n<p>El fin de semana se cumpli\u00f3 con el pron\u00f3stico con las\u00a0<strong>lluvias\u00a0<\/strong>por la\u00a0<strong>tormenta de Santa Rosa<\/strong>. Pero el doctor el meteorolog\u00eda\u00a0<strong>Maximiliano Viale<\/strong>\u00a0asegur\u00f3 que este fue un evento hist\u00f3rico, ya que alcanz\u00f3 el\u00a0<strong>r\u00e9cord\u00a0<\/strong>de\u00a0<strong>lluvias\u00a0<\/strong>en invierno registrado en 1956 con 50 mil\u00edmetros de agua durante el s\u00e1bado y el domingo.<\/p>\n\n\n\n<p>El especialista detall\u00f3 que este evento particular que coincidi\u00f3 con la conocida\u00a0<strong>tormenta de Santa Rosa<\/strong>\u00a0&#8220;comenz\u00f3 el s\u00e1bado con tormentas dispersas y luego con granizo en forma localizada, algo que ocurre m\u00e1s en verano&#8221;.<\/p>\n\n\n\n<p><strong>Viale&nbsp;<\/strong>agreg\u00f3: &#8220;Sigui\u00f3 con&nbsp;<strong>lluvia&nbsp;<\/strong>continua, tal como esper\u00e1bamos y termin\u00f3 con nevada en el llano&#8221;. El doctor en meteorolog\u00eda agreg\u00f3 que el granizo y la nevada no fueron detectados previamente por los pron\u00f3sticos, debido a su r\u00e1pida formaci\u00f3n.<\/p>\n\n\n\n<h2 class=\"wp-block-heading\">La tormenta de Santa Rosa dej\u00f3 lluvias hist\u00f3ricas en Mendoza<\/h2>\n\n\n\n<p>&#8220;El&nbsp;<strong>r\u00e9cord&nbsp;<\/strong>de precipitaciones se rompi\u00f3&#8221;, se\u00f1al\u00f3&nbsp;<strong>Maximiliano Viale<\/strong>, quien expres\u00f3 que el evento dur\u00f3 dos d\u00edas con &#8220;<strong>lluvias&nbsp;<\/strong>hist\u00f3ricas&#8221;, ya que en la zona del aeropuerto de Mendoza se registraron 50 mil\u00edmetros en los dos d\u00edas.<\/p>\n\n\n\n<p>&#8220;Es la&nbsp;<strong>lluvia&nbsp;<\/strong>m\u00e1s importante del invierno desde 1956, pero igual\u00f3 un&nbsp;<strong>r\u00e9cord&nbsp;<\/strong>anterior registrado el 27 de septiembre de 1995, cuando tambi\u00e9n se registraron 50 mil\u00edmetros en dos d\u00edas&#8221;.<\/p>\n\n\n\n<figure class=\"wp-block-image\"><img decoding=\"async\" src=\"https:\/\/media.diariouno.com.ar\/p\/27e3618083f9fd6d747d558019ad8494\/adjuntos\/298\/imagenes\/009\/616\/0009616594\/1200x0\/smart\/tormenta-santa-rosa-maximiliano-viale.jpg\" alt=\"El doctor en meteorolog\u00eda Maximiliano Viale detall\u00f3 c\u00f3mo transcurri\u00f3 la tormenta de Santa Rosa en Mendoza.\" title=\"El doctor en meteorolog\u00eda Maximiliano Viale detall\u00f3 c\u00f3mo transcurri\u00f3 la tormenta de Santa Rosa en Mendoza.\"\/><\/figure>\n\n\n\n<p>El doctor en meteorolog\u00eda Maximiliano Viale detall\u00f3 c\u00f3mo transcurri\u00f3 la tormenta de Santa Rosa en Mendoza.<\/p>\n\n\n\n<p>Adem\u00e1s, Viale se\u00f1al\u00f3 que por la&nbsp;<strong>tormenta de Santa Rosa<\/strong>&nbsp;en Malarg\u00fce cayeron 73 mil\u00edmetros, en San Rafael 68 mil\u00edmetros, en San Mart\u00edn 75 mil\u00edmetros, en el Observatorio de Mendoza se registraron 54 mil\u00edmetros: &#8220;Todos valores muy altos para zona de desierto y en esta \u00e9poca seca&#8221;.<\/p>\n\n\n\n<h2 class=\"wp-block-heading\">Los problemas que dej\u00f3 la tormenta de Santa Rosa<\/h2>\n\n\n\n<p>El director de Defensa Civil,\u00a0<strong>Daniel Burrieza<\/strong>, sostuvo que las tormentas y\u00a0<strong>lluvias\u00a0<\/strong>del fin de semana\u00a0provocaron problemas en varios sectores\u00a0de la provincia, con un total de 1.725 intervenciones.<\/p>\n\n\n\n<p>&#8220;Los departamentos m\u00e1s afectados fueron el Valle de Uco, especialmente en San Carlos y Tunuy\u00e1n, donde hubo entre 350 y 360 asistencias en cada comuna&#8221;. Las\u00a0<strong>lluvias<\/strong>\u00a0fue abundante tambi\u00e9n en en San Rafael, en Lavalle, Santa Rosa, San Mart\u00edn fueron otras de las comunas muy complicadas como consecuencia del las precipitaciones.<\/p>\n\n\n\n<p>&#8220;Hubo que&nbsp;<strong>evacuar&nbsp;<\/strong>a 8 personas en San Carlos, otras 26 en Guaymall\u00e9n y en el resto hubo mucha ayuda de personal de Desarrollo Social que asistieron a la gente con diferentes elementos&#8221;, destac\u00f3&nbsp;<strong>Burrieza<\/strong>.<\/p>\n\n\n\n<p>Explic\u00f3 que una semana antes de la\u00a0<strong>tormenta de Santa Rosa<\/strong>\u00a0se hizo un trabajo previo con los municipios para tener listos centros para personas que tuvieran que ser\u00a0<strong>evacuadas<\/strong>, al igual que &#8220;con personal de Desarrollo Social para estar a la altura de las diferentes circunstancias&#8221;, indic\u00f3 el funcionario.<\/p>\n\n\n\n<p><strong>Fuente: www.diariouno.com.ar<\/strong><\/p>\n","protected":false},"excerpt":{"rendered":"<p>El fin de semana se cumpli\u00f3 con el pron\u00f3stico con las\u00a0lluvias\u00a0por la\u00a0tormenta de Santa Rosa. Pero el doctor el meteorolog\u00eda\u00a0Maximiliano Viale\u00a0asegur\u00f3 que este fue un evento hist\u00f3rico, ya que alcanz\u00f3 el\u00a0r\u00e9cord\u00a0de\u00a0lluvias\u00a0en invierno registrado en 1956 con 50 mil\u00edmetros de agua durante el s\u00e1bado y el domingo. El especialista detall\u00f3 que este evento particular que coincidi\u00f3 [&hellip;]<\/p>\n","protected":false},"author":2,"featured_media":14501,"comment_status":"open","ping_status":"open","sticky":false,"template":"","format":"standard","meta":[],"categories":[52],"tags":[],"_links":{"self":[{"href":"https:\/\/pasaenmendoza.com\/index.php?rest_route=\/wp\/v2\/posts\/14500"}],"collection":[{"href":"https:\/\/pasaenmendoza.com\/index.php?rest_route=\/wp\/v2\/posts"}],"about":[{"href":"https:\/\/pasaenmendoza.com\/index.php?rest_route=\/wp\/v2\/types\/post"}],"author":[{"embeddable":true,"href":"https:\/\/pasaenmendoza.com\/index.php?rest_route=\/wp\/v2\/users\/2"}],"replies":[{"embeddable":true,"href":"https:\/\/pasaenmendoza.com\/index.php?rest_route=%2Fwp%2Fv2%2Fcomments&post=14500"}],"version-history":[{"count":1,"href":"https:\/\/pasaenmendoza.com\/index.php?rest_route=\/wp\/v2\/posts\/14500\/revisions"}],"predecessor-version":[{"id":14502,"href":"https:\/\/pasaenmendoza.com\/index.php?rest_route=\/wp\/v2\/posts\/14500\/revisions\/14502"}],"wp:featuredmedia":[{"embeddable":true,"href":"https:\/\/pasaenmendoza.com\/index.php?rest_route=\/wp\/v2\/media\/14501"}],"wp:attachment":[{"href":"https:\/\/pasaenmendoza.com\/index.php?rest_route=%2Fwp%2Fv2%2Fmedia&parent=14500"}],"wp:term":[{"taxonomy":"category","embeddable":true,"href":"https:\/\/pasaenmendoza.com\/index.php?rest_route=%2Fwp%2Fv2%2Fcategories&post=14500"},{"taxonomy":"post_tag","embeddable":true,"href":"https:\/\/pasaenmendoza.com\/index.php?rest_route=%2Fwp%2Fv2%2Ftags&post=14500"}],"curies":[{"name":"wp","href":"https:\/\/api.w.org\/{rel}","templated":true}]}}