{"id":14503,"date":"2025-09-01T19:23:12","date_gmt":"2025-09-01T17:23:12","guid":{"rendered":"https:\/\/pasaenmendoza.com\/?p=14503"},"modified":"2025-09-01T19:23:13","modified_gmt":"2025-09-01T17:23:13","slug":"mina-san-jorge-se-sumaron-6-300-adhesiones-en-el-expediente-y-ahora-mineria-define-el-impacto-ambiental","status":"publish","type":"post","link":"https:\/\/pasaenmendoza.com\/?p=14503","title":{"rendered":"Mina San Jorge: se sumaron 6.300 adhesiones en el expediente y ahora Miner\u00eda define el impacto ambiental"},"content":{"rendered":"\n<p>El\u00a0expediente del\u00a0<strong>proyecto PSJ Cobre Mendocino<\/strong>\u00a0sum\u00f3 m\u00e1s de 9.400 expresiones a favor y en contra\u00a0despu\u00e9s de la audiencia p\u00fablica. Se trata de opiniones que llegaron v\u00eda mail, o a trav\u00e9s de la \u201caudiencia paralela\u201d que se celebr\u00f3 en el pueblo de\u00a0<strong>Uspallata<\/strong>.<\/p>\n\n\n\n<p>Con estas manifestaciones se da por finalizada la etapa de consulta p\u00fablica del proyecto minero de&nbsp;<strong>San Jorge<\/strong>&nbsp;y llegar\u00e1 entonces el momento de que la&nbsp;<strong>Autoridad Minera<\/strong>, conformada por las direcciones de&nbsp;<strong>Miner\u00eda<\/strong>&nbsp;y de Gesti\u00f3n y Fiscalizaci\u00f3n Ambiental, d\u00e9 su informe final.<\/p>\n\n\n\n<p>Mediante una resoluci\u00f3n conjunta, las direcciones aprobar\u00e1n o no la Declaraci\u00f3n de Impacto Ambiental de\u00a0<strong>PSJ Cobre Mendocino<\/strong>. De resultar aprobada, ser\u00e1 esa pronunciaci\u00f3n la que pase a la Legislatura de Mendoza para su ratificaci\u00f3n. Reci\u00e9n completado este \u00faltimo paso, la minera quedar\u00e1 autorizada para comenzar los trabajos de explotaci\u00f3n minera.<\/p>\n\n\n\n<h2 class=\"wp-block-heading\">Las voces de la audiencia paralela se sumaron al expediente de PSJ Cobre Mendocino<\/h2>\n\n\n\n<p>Tras las semanas de audiencia p\u00fablica, el Gobierno sigui\u00f3 recibiendo expresiones a favor y en contra del proyecto de explotaci\u00f3n de&nbsp;<strong>cobre<\/strong>&nbsp;en&nbsp;<strong>Uspallata<\/strong>, pero por escrito. Al mail oficial llegaron 6.990 opiniones: 6.378, a favor; 608, en contra y 4, neutras.<\/p>\n\n\n\n<p>Y a estas se sumaron los 2.448 pronunciamientos orales y por mail que recibi\u00f3 la\u00a0<strong>Asamblea de Vecinos Autoconvocados de Uspallata<\/strong>, que est\u00e1 en contra de la\u00a0<strong>explotaci\u00f3n minera<\/strong>\u00a0que propone San Jorge.<\/p>\n\n\n\n<h2 class=\"wp-block-heading\">La decisi\u00f3n final por PSJ Cobre Mendocino<\/h2>\n\n\n\n<p>Todas estas opiniones a favor y en contra del&nbsp;<strong>proyecto de San Jorge<\/strong>&nbsp;quedaron asentadas en el expediente pero no son vinculantes para la&nbsp;<strong>Autoridad Minera<\/strong>, que es quien tiene que tomar la decisi\u00f3n final.<\/p>\n\n\n\n<p>Ahora, comenzar\u00e1 la etapa de an\u00e1lisis conjunto de las direcciones de&nbsp;<strong>Miner\u00eda<\/strong>&nbsp;y Fiscalizaci\u00f3n Ambiental para la emisi\u00f3n de una resoluci\u00f3n que le dir\u00e1 que s\u00ed o que no al&nbsp;<strong>proyecto PSJ Cobre Mendocino<\/strong>.<\/p>\n\n\n\n<p>Si la&nbsp;<strong>Autoridad Minera<\/strong>&nbsp;se inclina por el s\u00ed, con o sin condiciones, San Jorge habr\u00e1 logrado la Declaraci\u00f3n de&nbsp;<strong>Impacto Ambiental<\/strong>&nbsp;y con ella ir\u00e1 a la Legislatura a pelear por la ratificaci\u00f3n que le permita operar.<\/p>\n\n\n\n<p>Esta etapa administrativa podr\u00eda estar lista a fines de septiembre. Sin embargo, para que la cuesti\u00f3n\u00a0<strong>minera<\/strong>\u00a0no se vea embarrada por la campa\u00f1a electoral, es probable que a la Legislatura llegue despu\u00e9s de las elecciones del 26 de octubre.<\/p>\n\n\n\n<p><strong>Fuente: www.diariouno.com.ar<\/strong><\/p>\n","protected":false},"excerpt":{"rendered":"<p>El\u00a0expediente del\u00a0proyecto PSJ Cobre Mendocino\u00a0sum\u00f3 m\u00e1s de 9.400 expresiones a favor y en contra\u00a0despu\u00e9s de la audiencia p\u00fablica. Se trata de opiniones que llegaron v\u00eda mail, o a trav\u00e9s de la \u201caudiencia paralela\u201d que se celebr\u00f3 en el pueblo de\u00a0Uspallata. Con estas manifestaciones se da por finalizada la etapa de consulta p\u00fablica del proyecto minero [&hellip;]<\/p>\n","protected":false},"author":2,"featured_media":14504,"comment_status":"open","ping_status":"open","sticky":false,"template":"","format":"standard","meta":[],"categories":[116],"tags":[],"_links":{"self":[{"href":"https:\/\/pasaenmendoza.com\/index.php?rest_route=\/wp\/v2\/posts\/14503"}],"collection":[{"href":"https:\/\/pasaenmendoza.com\/index.php?rest_route=\/wp\/v2\/posts"}],"about":[{"href":"https:\/\/pasaenmendoza.com\/index.php?rest_route=\/wp\/v2\/types\/post"}],"author":[{"embeddable":true,"href":"https:\/\/pasaenmendoza.com\/index.php?rest_route=\/wp\/v2\/users\/2"}],"replies":[{"embeddable":true,"href":"https:\/\/pasaenmendoza.com\/index.php?rest_route=%2Fwp%2Fv2%2Fcomments&post=14503"}],"version-history":[{"count":1,"href":"https:\/\/pasaenmendoza.com\/index.php?rest_route=\/wp\/v2\/posts\/14503\/revisions"}],"predecessor-version":[{"id":14505,"href":"https:\/\/pasaenmendoza.com\/index.php?rest_route=\/wp\/v2\/posts\/14503\/revisions\/14505"}],"wp:featuredmedia":[{"embeddable":true,"href":"https:\/\/pasaenmendoza.com\/index.php?rest_route=\/wp\/v2\/media\/14504"}],"wp:attachment":[{"href":"https:\/\/pasaenmendoza.com\/index.php?rest_route=%2Fwp%2Fv2%2Fmedia&parent=14503"}],"wp:term":[{"taxonomy":"category","embeddable":true,"href":"https:\/\/pasaenmendoza.com\/index.php?rest_route=%2Fwp%2Fv2%2Fcategories&post=14503"},{"taxonomy":"post_tag","embeddable":true,"href":"https:\/\/pasaenmendoza.com\/index.php?rest_route=%2Fwp%2Fv2%2Ftags&post=14503"}],"curies":[{"name":"wp","href":"https:\/\/api.w.org\/{rel}","templated":true}]}}