{"id":14509,"date":"2025-09-01T19:29:09","date_gmt":"2025-09-01T17:29:09","guid":{"rendered":"https:\/\/pasaenmendoza.com\/?p=14509"},"modified":"2025-09-01T19:29:10","modified_gmt":"2025-09-01T17:29:10","slug":"llega-la-primera-expo-cafe-mendoza-un-encuentro-unico-para-los-amantes-del-cafe","status":"publish","type":"post","link":"https:\/\/pasaenmendoza.com\/?p=14509","title":{"rendered":"Llega la primera Expo Caf\u00e9 Mendoza: un encuentro \u00fanico para los amantes del caf\u00e9"},"content":{"rendered":"\n<p>La provincia vivir\u00e1 por primera vez un evento dedicado exclusivamente al mundo del caf\u00e9:<strong>&nbsp;Expo Caf\u00e9 Mendoza<\/strong>, en Espacio Arizu de Godoy Cruz con entrada de 10 a 21 horas.<\/p>\n\n\n\n<p>La Expo es fruto de la uni\u00f3n de\u00a0<strong>Bruno Brown, Mundial del Caf\u00e9 y Exig\u00ed Buen Caf\u00e9<\/strong>, tres referentes que se unieron para darle a Mendoza un evento de car\u00e1cter nacional,<strong>\u00a0donde el caf\u00e9 ser\u00e1 protagonista absoluto.<\/strong><\/p>\n\n\n\n<p>Durante dos jornadas, el p\u00fablico podr\u00e1 disfrutar de:<\/p>\n\n\n\n<ul>\n<li>Charlas y&nbsp;<strong>capacitaciones&nbsp;<\/strong>con referentes de la industria.<\/li>\n\n\n\n<li>Degustaciones de caf\u00e9s de&nbsp;<strong>especialidad y propuestas gastron\u00f3micas<\/strong>.<\/li>\n\n\n\n<li>Campeonatos y competencias que re\u00fanen a<strong>&nbsp;baristas y profesionales<\/strong>&nbsp;de todo el pa\u00eds.<\/li>\n\n\n\n<li>Stands de<strong>&nbsp;marcas y proveedores&nbsp;<\/strong>que acercan lo mejor de la innovaci\u00f3n cafetera.<\/li>\n\n\n\n<li>Espacios de experiencia y comunidad, para que cada visitante viva el caf\u00e9 de una forma diferente.<\/li>\n<\/ul>\n\n\n\n<p><strong>Expo Caf\u00e9 Mendoza<\/strong>\u00a0busca posicionar a la provincia como un polo cafetero en Argentina, generando un punto de encuentro entre profesionales, aficionados y familias.<\/p>\n\n\n\n<h2 class=\"wp-block-heading\"><strong>Datos clave<\/strong><\/h2>\n\n\n\n<ul>\n<li>&nbsp;Fecha: 18 y 19 de octubre de 2025<\/li>\n\n\n\n<li>Lugar: Espacio Arizu, Godoy Cruz, Mendoza<\/li>\n\n\n\n<li>Horario: 10 a 21 horas<\/li>\n\n\n\n<li>Entrada gratuita<\/li>\n<\/ul>\n\n\n\n<h2 class=\"wp-block-heading\"><strong>Organizan<\/strong><\/h2>\n\n\n\n<ul>\n<li>&nbsp;Bruno Brown \u2013 Tostadero de caf\u00e9 de especialidad.<\/li>\n\n\n\n<li>Mundial del Caf\u00e9 \u2013 Evento de alcance nacional con competencias oficiales.<\/li>\n\n\n\n<li>Exig\u00ed Buen Caf\u00e9 \u2013 El encuentro cafetero m\u00e1s grande del pa\u00eds, realizado cada a\u00f1o en La Rural de Buenos Aires.<\/li>\n<\/ul>\n\n\n\n<p><strong>Fuente: www.diariouno.com.ar<\/strong><\/p>\n","protected":false},"excerpt":{"rendered":"<p>La provincia vivir\u00e1 por primera vez un evento dedicado exclusivamente al mundo del caf\u00e9:&nbsp;Expo Caf\u00e9 Mendoza, en Espacio Arizu de Godoy Cruz con entrada de 10 a 21 horas. La Expo es fruto de la uni\u00f3n de\u00a0Bruno Brown, Mundial del Caf\u00e9 y Exig\u00ed Buen Caf\u00e9, tres referentes que se unieron para darle a Mendoza un [&hellip;]<\/p>\n","protected":false},"author":2,"featured_media":14510,"comment_status":"open","ping_status":"open","sticky":false,"template":"","format":"standard","meta":[],"categories":[50],"tags":[],"_links":{"self":[{"href":"https:\/\/pasaenmendoza.com\/index.php?rest_route=\/wp\/v2\/posts\/14509"}],"collection":[{"href":"https:\/\/pasaenmendoza.com\/index.php?rest_route=\/wp\/v2\/posts"}],"about":[{"href":"https:\/\/pasaenmendoza.com\/index.php?rest_route=\/wp\/v2\/types\/post"}],"author":[{"embeddable":true,"href":"https:\/\/pasaenmendoza.com\/index.php?rest_route=\/wp\/v2\/users\/2"}],"replies":[{"embeddable":true,"href":"https:\/\/pasaenmendoza.com\/index.php?rest_route=%2Fwp%2Fv2%2Fcomments&post=14509"}],"version-history":[{"count":1,"href":"https:\/\/pasaenmendoza.com\/index.php?rest_route=\/wp\/v2\/posts\/14509\/revisions"}],"predecessor-version":[{"id":14511,"href":"https:\/\/pasaenmendoza.com\/index.php?rest_route=\/wp\/v2\/posts\/14509\/revisions\/14511"}],"wp:featuredmedia":[{"embeddable":true,"href":"https:\/\/pasaenmendoza.com\/index.php?rest_route=\/wp\/v2\/media\/14510"}],"wp:attachment":[{"href":"https:\/\/pasaenmendoza.com\/index.php?rest_route=%2Fwp%2Fv2%2Fmedia&parent=14509"}],"wp:term":[{"taxonomy":"category","embeddable":true,"href":"https:\/\/pasaenmendoza.com\/index.php?rest_route=%2Fwp%2Fv2%2Fcategories&post=14509"},{"taxonomy":"post_tag","embeddable":true,"href":"https:\/\/pasaenmendoza.com\/index.php?rest_route=%2Fwp%2Fv2%2Ftags&post=14509"}],"curies":[{"name":"wp","href":"https:\/\/api.w.org\/{rel}","templated":true}]}}