{"id":1451,"date":"2023-09-14T15:26:04","date_gmt":"2023-09-14T13:26:04","guid":{"rendered":"https:\/\/pasaenmendoza.com\/?p=1451"},"modified":"2023-09-14T15:26:05","modified_gmt":"2023-09-14T13:26:05","slug":"jueves-soleado-y-con-ascenso-de-temperatura","status":"publish","type":"post","link":"https:\/\/pasaenmendoza.com\/?p=1451","title":{"rendered":"Jueves soleado y con ascenso de temperatura"},"content":{"rendered":"\n<p><strong>Este jueves , asciende unos grados la temperatura en Mendoza y el cielo estar\u00e1 parcialmente nublado. Ma\u00f1ana se prev\u00e9 un d\u00eda m\u00e1s c\u00e1lido.<\/strong><\/p>\n\n\n\n<p>Seg\u00fan las previsiones del\u00a0<strong>Servicio Meteorol\u00f3gico Nacional<\/strong>, la m\u00e1xima esperada para hoy es de 22\u00b0.<\/p>\n\n\n\n<p>El cielo estar\u00e1 parcialmente<strong>\u00a0nublado\u00a0<\/strong>y la humedad relativa del ambiente est\u00e1 cercana al 50%.El viento sopla levemente del Norte<strong>.<\/strong><\/p>\n\n\n\n<p>Para ma\u00f1ana Viernes, se espera ascenso de temperatura y cielo mayormente despejado.<\/p>\n\n\n\n<p><strong>La m\u00e1xima pronosticada para el viernes es de 26\u00b0.<\/strong><\/p>\n\n\n\n<p>Para el s\u00e1bado, se prev\u00e9 la posibilidad de que haya viento Zonda, y una m\u00e1xima de 29\u00b0.\u00a0<\/p>\n\n\n\n<p><strong>Fuente: www.mendozapost.com<\/strong><\/p>\n","protected":false},"excerpt":{"rendered":"<p>Este jueves , asciende unos grados la temperatura en Mendoza y el cielo estar\u00e1 parcialmente nublado. Ma\u00f1ana se prev\u00e9 un d\u00eda m\u00e1s c\u00e1lido. Seg\u00fan las previsiones del\u00a0Servicio Meteorol\u00f3gico Nacional, la m\u00e1xima esperada para hoy es de 22\u00b0. El cielo estar\u00e1 parcialmente\u00a0nublado\u00a0y la humedad relativa del ambiente est\u00e1 cercana al 50%.El viento sopla levemente del Norte. [&hellip;]<\/p>\n","protected":false},"author":2,"featured_media":1452,"comment_status":"open","ping_status":"open","sticky":false,"template":"","format":"standard","meta":[],"categories":[52],"tags":[],"_links":{"self":[{"href":"https:\/\/pasaenmendoza.com\/index.php?rest_route=\/wp\/v2\/posts\/1451"}],"collection":[{"href":"https:\/\/pasaenmendoza.com\/index.php?rest_route=\/wp\/v2\/posts"}],"about":[{"href":"https:\/\/pasaenmendoza.com\/index.php?rest_route=\/wp\/v2\/types\/post"}],"author":[{"embeddable":true,"href":"https:\/\/pasaenmendoza.com\/index.php?rest_route=\/wp\/v2\/users\/2"}],"replies":[{"embeddable":true,"href":"https:\/\/pasaenmendoza.com\/index.php?rest_route=%2Fwp%2Fv2%2Fcomments&post=1451"}],"version-history":[{"count":1,"href":"https:\/\/pasaenmendoza.com\/index.php?rest_route=\/wp\/v2\/posts\/1451\/revisions"}],"predecessor-version":[{"id":1453,"href":"https:\/\/pasaenmendoza.com\/index.php?rest_route=\/wp\/v2\/posts\/1451\/revisions\/1453"}],"wp:featuredmedia":[{"embeddable":true,"href":"https:\/\/pasaenmendoza.com\/index.php?rest_route=\/wp\/v2\/media\/1452"}],"wp:attachment":[{"href":"https:\/\/pasaenmendoza.com\/index.php?rest_route=%2Fwp%2Fv2%2Fmedia&parent=1451"}],"wp:term":[{"taxonomy":"category","embeddable":true,"href":"https:\/\/pasaenmendoza.com\/index.php?rest_route=%2Fwp%2Fv2%2Fcategories&post=1451"},{"taxonomy":"post_tag","embeddable":true,"href":"https:\/\/pasaenmendoza.com\/index.php?rest_route=%2Fwp%2Fv2%2Ftags&post=1451"}],"curies":[{"name":"wp","href":"https:\/\/api.w.org\/{rel}","templated":true}]}}