{"id":14512,"date":"2025-09-01T23:57:08","date_gmt":"2025-09-01T21:57:08","guid":{"rendered":"https:\/\/pasaenmendoza.com\/?p=14512"},"modified":"2025-09-01T23:57:09","modified_gmt":"2025-09-01T21:57:09","slug":"los-detalles-de-la-boleta-unica-que-se-aprobo-para-las-elecciones-en-mendoza","status":"publish","type":"post","link":"https:\/\/pasaenmendoza.com\/?p=14512","title":{"rendered":"Los detalles de la boleta \u00fanica que se aprob\u00f3 para las elecciones en Mendoza"},"content":{"rendered":"\n<p>La<strong>&nbsp;Junta Electoral Nacional de Mendoza&nbsp;<\/strong>confirm\u00f3 este lunes la aprobaci\u00f3n del modelo de<strong>&nbsp;boleta \u00fanica&nbsp;<\/strong>que se utilizar\u00e1 en los comicios nacionales del pr\u00f3ximo&nbsp;<strong>26 de octubre de 2025<\/strong>. La resoluci\u00f3n fue adoptada luego de la presentaci\u00f3n formal del dise\u00f1o elaborado por la empresa Bolt, el cual no recibi\u00f3 objeciones por parte de los representantes partidarios ni de las autoridades electorales.<\/p>\n\n\n\n<p>El organismo est\u00e1 integrado por el presidente de la C\u00e1mara Federal de Apelaciones de Mendoza,\u00a0<strong>Manuel Pizarro<\/strong>\u00a0(quien ejerce la presidencia en esta ocasi\u00f3n); la jueza federal con competencia electoral,\u00a0<strong>Susana Pravata<\/strong>; y el presidente de la Suprema Corte de Justicia de Mendoza,\u00a0<strong>Dalmiro Garay<\/strong>.<\/p>\n\n\n\n<p>La\u00a0<strong>boleta \u00fanica<\/strong>\u00a0aprobada, por su parte, tendr\u00e1\u00a0<strong>color celeste<\/strong>, en correspondencia con la urna identificada con la faja del mismo tono y la leyenda<em>\u00a0\u201cElecci\u00f3n Nacional\u201d<\/em>. El modelo fue presentado ante apoderados de las agrupaciones pol\u00edticas, quienes dieron su visto bueno sin realizar observaciones.<\/p>\n\n\n\n<p>El orden de las agrupaciones en la boleta ser\u00e1 el siguiente:<\/p>\n\n\n\n<ul>\n<li><strong>Columna 1:<\/strong>&nbsp;501 Fuerza Justicialista Mendoza<\/li>\n\n\n\n<li><strong>Columna 2:<\/strong>&nbsp;502 Frente Verde<\/li>\n\n\n\n<li><strong>Columna 3:<\/strong>&nbsp;222 Protectora Fuerza Pol\u00edtica<\/li>\n\n\n\n<li><strong>Columna 4:<\/strong>&nbsp;504 Frente de Izquierda y de Trabajadores \u2013 Unidad<\/li>\n\n\n\n<li><strong>Columna 5:<\/strong>&nbsp;13 Movimiento al Socialismo<\/li>\n\n\n\n<li><strong>Columna 6:<\/strong>&nbsp;506 Frente Libertario Dem\u00f3crata<\/li>\n\n\n\n<li><strong>Columna 7:<\/strong>&nbsp;503 Alianza Defendamos Mendoza \u2013 Provincias Unidas<\/li>\n\n\n\n<li><strong>Columna 8:<\/strong>&nbsp;505 Alianza La Libertad Avanza<\/li>\n<\/ul>\n\n\n\n<h2 class=\"wp-block-heading\" id=\"h-elecciones-2025\">Elecciones 2025<\/h2>\n\n\n\n<p>Con la aprobaci\u00f3n de este modelo, qued\u00f3 definido el esquema que se usar\u00e1 en el cuarto oscuro para que los ciudadanos<strong>\u00a0mendocinos puedan elegir a sus representantes nacionales<\/strong>. Adem\u00e1s, el uso de la boleta \u00fanica tiene como finalidad garantizar mayor transparencia y facilitar la identificaci\u00f3n de las fuerzas pol\u00edticas en competencia.<\/p>\n\n\n\n<p>La Junta Electoral difundi\u00f3 adem\u00e1s\u00a0<strong>im\u00e1genes oficiales del dise\u00f1o aprobado<\/strong>\u00a0para que puedan ser consultadas por medios de comunicaci\u00f3n y electores en general.<\/p>\n\n\n\n<p><strong>Fuente: www.elsol.com.ar<\/strong><\/p>\n","protected":false},"excerpt":{"rendered":"<p>La&nbsp;Junta Electoral Nacional de Mendoza&nbsp;confirm\u00f3 este lunes la aprobaci\u00f3n del modelo de&nbsp;boleta \u00fanica&nbsp;que se utilizar\u00e1 en los comicios nacionales del pr\u00f3ximo&nbsp;26 de octubre de 2025. La resoluci\u00f3n fue adoptada luego de la presentaci\u00f3n formal del dise\u00f1o elaborado por la empresa Bolt, el cual no recibi\u00f3 objeciones por parte de los representantes partidarios ni de las [&hellip;]<\/p>\n","protected":false},"author":2,"featured_media":14513,"comment_status":"open","ping_status":"open","sticky":false,"template":"","format":"standard","meta":[],"categories":[47],"tags":[],"_links":{"self":[{"href":"https:\/\/pasaenmendoza.com\/index.php?rest_route=\/wp\/v2\/posts\/14512"}],"collection":[{"href":"https:\/\/pasaenmendoza.com\/index.php?rest_route=\/wp\/v2\/posts"}],"about":[{"href":"https:\/\/pasaenmendoza.com\/index.php?rest_route=\/wp\/v2\/types\/post"}],"author":[{"embeddable":true,"href":"https:\/\/pasaenmendoza.com\/index.php?rest_route=\/wp\/v2\/users\/2"}],"replies":[{"embeddable":true,"href":"https:\/\/pasaenmendoza.com\/index.php?rest_route=%2Fwp%2Fv2%2Fcomments&post=14512"}],"version-history":[{"count":1,"href":"https:\/\/pasaenmendoza.com\/index.php?rest_route=\/wp\/v2\/posts\/14512\/revisions"}],"predecessor-version":[{"id":14514,"href":"https:\/\/pasaenmendoza.com\/index.php?rest_route=\/wp\/v2\/posts\/14512\/revisions\/14514"}],"wp:featuredmedia":[{"embeddable":true,"href":"https:\/\/pasaenmendoza.com\/index.php?rest_route=\/wp\/v2\/media\/14513"}],"wp:attachment":[{"href":"https:\/\/pasaenmendoza.com\/index.php?rest_route=%2Fwp%2Fv2%2Fmedia&parent=14512"}],"wp:term":[{"taxonomy":"category","embeddable":true,"href":"https:\/\/pasaenmendoza.com\/index.php?rest_route=%2Fwp%2Fv2%2Fcategories&post=14512"},{"taxonomy":"post_tag","embeddable":true,"href":"https:\/\/pasaenmendoza.com\/index.php?rest_route=%2Fwp%2Fv2%2Ftags&post=14512"}],"curies":[{"name":"wp","href":"https:\/\/api.w.org\/{rel}","templated":true}]}}