{"id":14515,"date":"2025-09-02T00:01:41","date_gmt":"2025-09-01T22:01:41","guid":{"rendered":"https:\/\/pasaenmendoza.com\/?p=14515"},"modified":"2025-09-02T00:01:42","modified_gmt":"2025-09-01T22:01:42","slug":"se-le-incendio-la-casa-y-quedo-con-el-70-del-cuerpo-quemado","status":"publish","type":"post","link":"https:\/\/pasaenmendoza.com\/?p=14515","title":{"rendered":"Se le incendi\u00f3 la casa y qued\u00f3 con el 70% del cuerpo quemado"},"content":{"rendered":"\n<p>Un hombre de 65 a\u00f1os sufri\u00f3 graves quemaduras en distintas partes del cuerpo debido a un incendio en su vivienda del Barrio Matheu, Las Heras.<\/p>\n\n\n\n<p>El siniestro se produjo alrededor de las 5.30, en la casa ubicada en calle San Mart\u00edn al 6900. La v\u00edctima viv\u00eda sola en el lugar y cuando se desat\u00f3 el fuego alcanz\u00f3 a salir por sus propios medios.<\/p>\n\n\n\n<p>Bomberos del Cuartel Central posteriormente lograron controlar las llamas, en tanto que el hombre fue atendido por personal del Servicio de Emergencias Coordinado.<\/p>\n\n\n\n<p>El primer diagn\u00f3stico indic\u00f3 que ten\u00eda quemaduras en estado cr\u00edtico, posiblemente tipo B, en los brazos, pies y parte de la cara.<\/p>\n\n\n\n<p>La v\u00edctima fue trasladada al Hospital Lagomaggiore.<\/p>\n\n\n\n<p><strong>Fuente: www.elsol.com.ar<\/strong><\/p>\n","protected":false},"excerpt":{"rendered":"<p>Un hombre de 65 a\u00f1os sufri\u00f3 graves quemaduras en distintas partes del cuerpo debido a un incendio en su vivienda del Barrio Matheu, Las Heras. El siniestro se produjo alrededor de las 5.30, en la casa ubicada en calle San Mart\u00edn al 6900. La v\u00edctima viv\u00eda sola en el lugar y cuando se desat\u00f3 el [&hellip;]<\/p>\n","protected":false},"author":2,"featured_media":14517,"comment_status":"open","ping_status":"open","sticky":false,"template":"","format":"standard","meta":[],"categories":[48],"tags":[],"_links":{"self":[{"href":"https:\/\/pasaenmendoza.com\/index.php?rest_route=\/wp\/v2\/posts\/14515"}],"collection":[{"href":"https:\/\/pasaenmendoza.com\/index.php?rest_route=\/wp\/v2\/posts"}],"about":[{"href":"https:\/\/pasaenmendoza.com\/index.php?rest_route=\/wp\/v2\/types\/post"}],"author":[{"embeddable":true,"href":"https:\/\/pasaenmendoza.com\/index.php?rest_route=\/wp\/v2\/users\/2"}],"replies":[{"embeddable":true,"href":"https:\/\/pasaenmendoza.com\/index.php?rest_route=%2Fwp%2Fv2%2Fcomments&post=14515"}],"version-history":[{"count":1,"href":"https:\/\/pasaenmendoza.com\/index.php?rest_route=\/wp\/v2\/posts\/14515\/revisions"}],"predecessor-version":[{"id":14518,"href":"https:\/\/pasaenmendoza.com\/index.php?rest_route=\/wp\/v2\/posts\/14515\/revisions\/14518"}],"wp:featuredmedia":[{"embeddable":true,"href":"https:\/\/pasaenmendoza.com\/index.php?rest_route=\/wp\/v2\/media\/14517"}],"wp:attachment":[{"href":"https:\/\/pasaenmendoza.com\/index.php?rest_route=%2Fwp%2Fv2%2Fmedia&parent=14515"}],"wp:term":[{"taxonomy":"category","embeddable":true,"href":"https:\/\/pasaenmendoza.com\/index.php?rest_route=%2Fwp%2Fv2%2Fcategories&post=14515"},{"taxonomy":"post_tag","embeddable":true,"href":"https:\/\/pasaenmendoza.com\/index.php?rest_route=%2Fwp%2Fv2%2Ftags&post=14515"}],"curies":[{"name":"wp","href":"https:\/\/api.w.org\/{rel}","templated":true}]}}