{"id":14519,"date":"2025-09-02T00:04:02","date_gmt":"2025-09-01T22:04:02","guid":{"rendered":"https:\/\/pasaenmendoza.com\/?p=14519"},"modified":"2025-09-02T00:04:03","modified_gmt":"2025-09-01T22:04:03","slug":"un-chico-de-16-anos-esta-en-coma-por-un-disparo-en-el-cuello","status":"publish","type":"post","link":"https:\/\/pasaenmendoza.com\/?p=14519","title":{"rendered":"Un chico de 16 a\u00f1os est\u00e1 en coma por un disparo en el cuello"},"content":{"rendered":"\n<p>Durante la noche del domingo, un<strong>&nbsp;joven menor de edad qued\u00f3 internado en coma tras ser baleado<\/strong>&nbsp;mientras se encontraba presente en un cumplea\u00f1os en el departamento de&nbsp;<strong>Las Heras<\/strong>.<\/p>\n\n\n\n<p>Seg\u00fan informaron fuentes policiales, el hecho tuvo lugar alrededor de las<strong>&nbsp;21 horas en el Barrio 8 de Abril.<\/strong>&nbsp;El adolescente de&nbsp;<strong>16 a\u00f1os<\/strong>&nbsp;estaba en el festejo hasta que repentinamente escuch\u00f3 un disparo y luego observ\u00f3 que ten\u00eda una lesi\u00f3n en su cuello, por lo que fue inmediatamente trasladado al&nbsp;<strong>Hospital Lagomaggiore<\/strong>.<\/p>\n\n\n\n<p>El chico se encuentra internado, donde fue diagnosticado de<strong>&nbsp;coma farmacol\u00f3gico<\/strong>&nbsp;con herida de arma de fuego en el cuello.<\/p>\n\n\n\n<p>La denuncia fue radicada en la<strong>\u00a0Comisar\u00eda 43\u00b0 de Las Heras<\/strong>\u00a0e intervino la Oficina Fiscal de Jurisdicci\u00f3n. Hasta el momento, no hay precisiones sobre qui\u00e9n pudo haber sido el autor del disparo.<\/p>\n\n\n\n<p><strong>Fuente: www.medozapost.com<\/strong><\/p>\n","protected":false},"excerpt":{"rendered":"<p>Durante la noche del domingo, un&nbsp;joven menor de edad qued\u00f3 internado en coma tras ser baleado&nbsp;mientras se encontraba presente en un cumplea\u00f1os en el departamento de&nbsp;Las Heras. Seg\u00fan informaron fuentes policiales, el hecho tuvo lugar alrededor de las&nbsp;21 horas en el Barrio 8 de Abril.&nbsp;El adolescente de&nbsp;16 a\u00f1os&nbsp;estaba en el festejo hasta que repentinamente escuch\u00f3 [&hellip;]<\/p>\n","protected":false},"author":2,"featured_media":14520,"comment_status":"open","ping_status":"open","sticky":false,"template":"","format":"standard","meta":[],"categories":[48],"tags":[],"_links":{"self":[{"href":"https:\/\/pasaenmendoza.com\/index.php?rest_route=\/wp\/v2\/posts\/14519"}],"collection":[{"href":"https:\/\/pasaenmendoza.com\/index.php?rest_route=\/wp\/v2\/posts"}],"about":[{"href":"https:\/\/pasaenmendoza.com\/index.php?rest_route=\/wp\/v2\/types\/post"}],"author":[{"embeddable":true,"href":"https:\/\/pasaenmendoza.com\/index.php?rest_route=\/wp\/v2\/users\/2"}],"replies":[{"embeddable":true,"href":"https:\/\/pasaenmendoza.com\/index.php?rest_route=%2Fwp%2Fv2%2Fcomments&post=14519"}],"version-history":[{"count":1,"href":"https:\/\/pasaenmendoza.com\/index.php?rest_route=\/wp\/v2\/posts\/14519\/revisions"}],"predecessor-version":[{"id":14521,"href":"https:\/\/pasaenmendoza.com\/index.php?rest_route=\/wp\/v2\/posts\/14519\/revisions\/14521"}],"wp:featuredmedia":[{"embeddable":true,"href":"https:\/\/pasaenmendoza.com\/index.php?rest_route=\/wp\/v2\/media\/14520"}],"wp:attachment":[{"href":"https:\/\/pasaenmendoza.com\/index.php?rest_route=%2Fwp%2Fv2%2Fmedia&parent=14519"}],"wp:term":[{"taxonomy":"category","embeddable":true,"href":"https:\/\/pasaenmendoza.com\/index.php?rest_route=%2Fwp%2Fv2%2Fcategories&post=14519"},{"taxonomy":"post_tag","embeddable":true,"href":"https:\/\/pasaenmendoza.com\/index.php?rest_route=%2Fwp%2Fv2%2Ftags&post=14519"}],"curies":[{"name":"wp","href":"https:\/\/api.w.org\/{rel}","templated":true}]}}