{"id":14537,"date":"2025-09-02T23:51:29","date_gmt":"2025-09-02T21:51:29","guid":{"rendered":"https:\/\/pasaenmendoza.com\/?p=14537"},"modified":"2025-09-02T23:51:29","modified_gmt":"2025-09-02T21:51:29","slug":"alfredo-cornejo-se-aseguro-por-ley-un-credito-de-us160-millones-que-ira-a-salud-y-educacion","status":"publish","type":"post","link":"https:\/\/pasaenmendoza.com\/?p=14537","title":{"rendered":"Alfredo Cornejo se asegur\u00f3 por ley un cr\u00e9dito de U$S160 millones que ir\u00e1 a Salud y Educaci\u00f3n"},"content":{"rendered":"\n<p>Tres meses le llev\u00f3 al Gobierno completar los tr\u00e1mites para poder tomar un\u00a0<strong>cr\u00e9dito de U$S160 millones<\/strong>. Ahora el\u00a0<strong>Alfredo Cornejo<\/strong>\u00a0promulg\u00f3 la ley que lo habilita a endeudarse por ese monto, que destinar\u00e1 a financiar la transformaci\u00f3n de los sistemas de\u00a0<strong>salud<\/strong>\u00a0y\u00a0<strong>educaci\u00f3n<\/strong>. El cr\u00e9dito podr\u00eda tomarse con organismos multilaterales como el BID.<\/p>\n\n\n\n<p>Son&nbsp;<strong>85 millones<\/strong>&nbsp;de d\u00f3lares para&nbsp;<strong>digitalizar los servicios de im\u00e1genes de 350 efectores de Salud<\/strong>, y los&nbsp;<strong>75 millones<\/strong>&nbsp;de d\u00f3lares restantes ir\u00e1n a&nbsp;<strong>infraestructura tecnol\u00f3gica de la DGE<\/strong>, puntualmente a la ampliaci\u00f3n de la conectividad en escuelas, cableado estructurado, instalaci\u00f3n de redes internas y provisi\u00f3n de equipamiento y para Aulas Digitales M\u00f3viles (ADM).<\/p>\n\n\n\n<p>El fin del semana del 1 de junio pasado una comisi\u00f3n del<strong>\u00a0Banco Interamericano de Desarrollo (BID)\u00a0<\/strong>lleg\u00f3 a Mendoza para conocer en primera persona los proyectos de digitalizaci\u00f3n que hab\u00edan dise\u00f1ado por su lado los ministros de Salud, Rodolfo Montero y de Educaci\u00f3n, Tadeo Garc\u00eda Zalazar.<\/p>\n\n\n\n<p>Ese fue el puntapi\u00e9 inicial para que avanzar el aval de ese organismo a otorgarle a Mendoza el millonario<strong>&nbsp;cr\u00e9dito en d\u00f3lares<\/strong>. Las negociaciones se hab\u00edan iniciado mucho antes, tanto que el mismo Alfredo Cornejo las filtr\u00f3 en su discurso del 1 de mayo.<\/p>\n\n\n\n<p>Ya a mediados de junio, el Gobierno logr\u00f3 el aval de la&nbsp;<strong>Legislatura&nbsp;<\/strong>a la toma de ese cr\u00e9dito y eso sell\u00f3 el camino que termin\u00f3 de cerrarse con la ley 9650 que acaba de promulgar el Ejecutivo.<\/p>\n\n\n\n<h2 class=\"wp-block-heading\">Digitalizar y automatizar el sistema de salud<\/h2>\n\n\n\n<p>El proyecto del ministro de Salud, Rodolfo Montero, es usar esos 85 millones de d\u00f3lares en la&nbsp;<strong>digitalizaci\u00f3n del servicio de im\u00e1genes<\/strong>&nbsp;de 350 efectores de la provincia, muchos de los cuales siguen haciendo im\u00e1genes de diagn\u00f3stico como radiograf\u00edas, ecograf\u00edas y tomograf\u00edas de manera anal\u00f3gica, y por tanto no pueden enviar esas im\u00e1genes de manera digital, ni sumarse a la aplicaci\u00f3n del portal del paciente que tiene ese ministerio.<\/p>\n\n\n\n<p>&#8220;Adem\u00e1s de la digitalizaci\u00f3n del servicio de im\u00e1genes de todos los efectores de salud, pretendemos avanzar con la&nbsp;<strong>automatizaci\u00f3n de las farmacias de los hospitales<\/strong>, de manera tal de tener la trazabilidad desde que se compra el medicamento hasta que se dispensa&#8221;, comenz\u00f3 diciendo el ministro Montero.<\/p>\n\n\n\n<p>Y sum\u00f3: &#8220;Pretendemos avanzar con la&nbsp;<strong>robotizaci\u00f3n de la entrega de medicamentos<\/strong>, para que eso que hoy se entrega en blisters se fraccione en unidades y que se puedan dar las dosis que realmente necesita el paciente. Todo eso nos ayudar\u00e1 a tener un mayor control de los stocks de las farmacias&#8221;.<\/p>\n\n\n\n<p>En el detalle de la utilizaci\u00f3n de esos fondos figuran:<\/p>\n\n\n\n<ul>\n<li>Infraestructura tecnol\u00f3gica: finalizaci\u00f3n del cableado estructurado en hospitales y centros de salud, adquisici\u00f3n de equipamiento inform\u00e1tico y modernizaci\u00f3n de redes.<\/li>\n\n\n\n<li>Sistemas inform\u00e1ticos: desarrollo e implementaci\u00f3n de herramientas para la historia cl\u00ednica electr\u00f3nica, sistemas de laboratorio, im\u00e1genes, gesti\u00f3n de medicamentos, turnos digitales, prescripci\u00f3n electr\u00f3nica y administraci\u00f3n de recursos humanos.<\/li>\n\n\n\n<li>Interoperabilidad: integraci\u00f3n de todos los subsistemas de informaci\u00f3n para mejorar la gesti\u00f3n, trazabilidad y seguimiento de la atenci\u00f3n sanitaria.<\/li>\n\n\n\n<li>Telesalud y atenci\u00f3n remota: consolidaci\u00f3n de plataformas de atenci\u00f3n a distancia, particularmente para zonas alejadas o de dif\u00edcil acceso.<\/li>\n\n\n\n<li>Ciberseguridad: fortalecimiento de protocolos, protecci\u00f3n de datos sensibles y seguridad de los sistemas digitales de salud.<\/li>\n\n\n\n<li>Capacitaci\u00f3n del personal: formaci\u00f3n espec\u00edfica para equipos m\u00e9dicos, t\u00e9cnicos y administrativos en el uso y administraci\u00f3n de las nuevas herramientas digitales.<\/li>\n\n\n\n<li>Tableros de gesti\u00f3n: desarrollo de sistemas de monitoreo, an\u00e1lisis y toma de decisiones basados en datos en tiempo real.<\/li>\n<\/ul>\n\n\n\n<h2 class=\"wp-block-heading\">Tadeo apuesta a mejorar la conectividad de las escuelas<\/h2>\n\n\n\n<p>Por su lado, el ministro de Educaci\u00f3n,\u00a0<strong>Tadeo Garc\u00eda Zalazar<\/strong>\u00a0defini\u00f3 que su \u00e1rea pretende destinar\u00a0<strong>75 millones de d\u00f3lares\u00a0<\/strong>para acelerar el programa<strong>\u00a0Edutec 2025<\/strong>\u00a0que ya se empez\u00f3 a aplicar y con el que apunta a mejorar la conectividad en m\u00e1s de 1.000 escuelas entre primarias y secundarias y dotarlas de carros tecnol\u00f3gicos, con los que se entregan notebook para docentes y alumnos.<\/p>\n\n\n\n<p>&#8220;Nosotros ya comenzamos a desarrollar el&nbsp;<strong>Edutec<\/strong>&nbsp;y de hecho hemos invertido unos 7 millones de d\u00f3lares, pero con este&nbsp;<strong>cr\u00e9dito&nbsp;<\/strong>que podr\u00eda venir de la Corporaci\u00f3n Andina de Fomento (CAF) se podr\u00eda acelerar el proceso, porque de otra manera lograr la conectividad de esas escuelas nos llevar\u00eda m\u00e1s de 8 a\u00f1os&#8221;, explic\u00f3 Garc\u00eda Zalazar.<\/p>\n\n\n\n<p>Seg\u00fan detall\u00f3, esos 75 millones de d\u00f3lares que pretende obtener en forma de<strong>&nbsp;cr\u00e9dito<\/strong>&nbsp;se distribuir\u00eda as\u00ed: 35 millones de d\u00f3lares para carros tecnol\u00f3gicos, 17,5 millones para ampliar la cobertura de conectividad en las escuelas, 12,5 millones se destinar\u00edan a licencias y capacitaciones y los 10 millones restantes ir\u00edan a financiar infraestructura y software.<\/p>\n\n\n\n<p>En principio, ese potencial\u00a0<strong>cr\u00e9dito<\/strong>\u00a0se devolver\u00eda en 15 a\u00f1os con 4 a\u00f1os de gracia.<\/p>\n\n\n\n<p><strong>Fuente: www.diariouno.com.ar<\/strong><\/p>\n","protected":false},"excerpt":{"rendered":"<p>Tres meses le llev\u00f3 al Gobierno completar los tr\u00e1mites para poder tomar un\u00a0cr\u00e9dito de U$S160 millones. Ahora el\u00a0Alfredo Cornejo\u00a0promulg\u00f3 la ley que lo habilita a endeudarse por ese monto, que destinar\u00e1 a financiar la transformaci\u00f3n de los sistemas de\u00a0salud\u00a0y\u00a0educaci\u00f3n. El cr\u00e9dito podr\u00eda tomarse con organismos multilaterales como el BID. Son&nbsp;85 millones&nbsp;de d\u00f3lares para&nbsp;digitalizar los servicios [&hellip;]<\/p>\n","protected":false},"author":2,"featured_media":14538,"comment_status":"open","ping_status":"open","sticky":false,"template":"","format":"standard","meta":[],"categories":[47],"tags":[],"_links":{"self":[{"href":"https:\/\/pasaenmendoza.com\/index.php?rest_route=\/wp\/v2\/posts\/14537"}],"collection":[{"href":"https:\/\/pasaenmendoza.com\/index.php?rest_route=\/wp\/v2\/posts"}],"about":[{"href":"https:\/\/pasaenmendoza.com\/index.php?rest_route=\/wp\/v2\/types\/post"}],"author":[{"embeddable":true,"href":"https:\/\/pasaenmendoza.com\/index.php?rest_route=\/wp\/v2\/users\/2"}],"replies":[{"embeddable":true,"href":"https:\/\/pasaenmendoza.com\/index.php?rest_route=%2Fwp%2Fv2%2Fcomments&post=14537"}],"version-history":[{"count":1,"href":"https:\/\/pasaenmendoza.com\/index.php?rest_route=\/wp\/v2\/posts\/14537\/revisions"}],"predecessor-version":[{"id":14539,"href":"https:\/\/pasaenmendoza.com\/index.php?rest_route=\/wp\/v2\/posts\/14537\/revisions\/14539"}],"wp:featuredmedia":[{"embeddable":true,"href":"https:\/\/pasaenmendoza.com\/index.php?rest_route=\/wp\/v2\/media\/14538"}],"wp:attachment":[{"href":"https:\/\/pasaenmendoza.com\/index.php?rest_route=%2Fwp%2Fv2%2Fmedia&parent=14537"}],"wp:term":[{"taxonomy":"category","embeddable":true,"href":"https:\/\/pasaenmendoza.com\/index.php?rest_route=%2Fwp%2Fv2%2Fcategories&post=14537"},{"taxonomy":"post_tag","embeddable":true,"href":"https:\/\/pasaenmendoza.com\/index.php?rest_route=%2Fwp%2Fv2%2Ftags&post=14537"}],"curies":[{"name":"wp","href":"https:\/\/api.w.org\/{rel}","templated":true}]}}