{"id":14540,"date":"2025-09-02T23:54:59","date_gmt":"2025-09-02T21:54:59","guid":{"rendered":"https:\/\/pasaenmendoza.com\/?p=14540"},"modified":"2025-09-02T23:55:00","modified_gmt":"2025-09-02T21:55:00","slug":"la-fiscalia-mando-a-juicio-a-7-directivos-de-la-historica-fecovita-por-falsear-balances","status":"publish","type":"post","link":"https:\/\/pasaenmendoza.com\/?p=14540","title":{"rendered":"La Fiscal\u00eda mand\u00f3 a juicio a 7 directivos de la hist\u00f3rica Fecovita por falsear balances"},"content":{"rendered":"\n<p>La Fiscal\u00eda de Delitos Econ\u00f3micos requiri\u00f3 al Tribunal Penal Colegiado que cite a juicio oral y p\u00fablico a 7 directivos y s\u00edndicos de\u00a0<strong>Fecovita\u00a0<\/strong>por el delito penal de certificaci\u00f3n, autorizaci\u00f3n y publicaci\u00f3n de balances falsos en perjuicio de la ex socia espa\u00f1ola\/eslovaca Iberte SRO en el negocio de exportaci\u00f3n de vino y mosto.<\/p>\n\n\n\n<p>Les atribuy\u00f3 maniobras contables intencionales y voluntarias para ocultar informaci\u00f3n sensible referida a pedidos de quiebra, a la salida de una sociedad comercial con Iberte SRO y a un acuerdo final con Iberte SRO y Evisa, &#8220;lo que incidi\u00f3 en la apreciaci\u00f3n de la situaci\u00f3n econ\u00f3mica real&#8221; de&nbsp;<strong>Fecovita&nbsp;<\/strong>(Federaci\u00f3n de Cooperativas Vitivin\u00edcolas Argentinas), fundada en 1980 y con asiento en Maip\u00fa, Mendoza.<\/p>\n\n\n\n<p>Seg\u00fan el documento que forma parte del\u00a0<strong>expediente judicial P-84.473\/23<\/strong>\u00a0y que este lunes fue firmado por el\u00a0<strong>fiscal\u00a0<\/strong>Juan Ticheli, deber\u00e1n comparecer en juicio:\u00a0<strong>Eduardo Sancho<\/strong>,\u00a0<strong>Eugenio Portera<\/strong>,\u00a0<strong>Roberto V\u00e1zquez<\/strong>,\u00a0<strong>Hilda Wilhelm de Vaieretti, Marcelo Fabi\u00e1n Federici, Rub\u00e9n Panella\u00a0<\/strong>y\u00a0<strong>Jorge David Ira\u00f1eta<\/strong>.<\/p>\n\n\n\n<h2 class=\"wp-block-heading\">Fecovita, en la mira por los balances 2021 y 2022<\/h2>\n\n\n\n<p>La investigaci\u00f3n comenz\u00f3 en 2023, estuvo a cargo del fiscal Flavio D\u00b4Amore, pas\u00f3 a su par Ticheli y se asent\u00f3 esencialmente en el trabajo de peritos&nbsp;<strong>contables&nbsp;<\/strong>del&nbsp;<strong>Cuerpo M\u00e9dico Forense<\/strong>.<\/p>\n\n\n\n<p>Para la Fiscal\u00eda de&nbsp;<strong>Delitos Econ\u00f3micos<\/strong>, los 7 imputados que actuaron por cuenta de&nbsp;<strong>Fecovita&nbsp;<\/strong>&#8220;incumplieron obligaciones contables y legales en la confecci\u00f3n, certificaci\u00f3n y publicaci\u00f3n de los balances 42 y 43 correspondientes a los a\u00f1os 2021 y 2022, en perjuicio de la empresa Iberte SRO&#8221;, con la que estaba asociada en el negocio de exportaci\u00f3n de vino y mosto.<\/p>\n\n\n\n<p>El defensor es\u00a0<strong>Marcelo Biglieri<\/strong>. Con la asistencia de los abogados\u00a0<strong>Carlos Aguinaga<\/strong>\u00a0y\u00a0<strong>Santiago Pontis Day<\/strong>,\u00a0Guillermo Garc\u00eda\u00a0(ex titular dei INV) particip\u00f3 como querellante particular por ser presidente de la Exportadora Vitivin\u00edcola SA (<strong>Evisa<\/strong>) y apoderado de\u00a0Iberte SRO.<\/p>\n\n\n\n<p>Para el fiscal Ticheli, los imputados -al momento de los hechos integrantes del Consejo de Administraci\u00f3n y s\u00edndicos de Fecovita- cometieron&nbsp;<strong>delitos dolosos&nbsp;<\/strong>(intencionales) en cuanto a la confecci\u00f3n, certificaci\u00f3n y publicaci\u00f3n de los&nbsp;<strong>balances&nbsp;<\/strong>42 y 43, referidos a los ejercicios econ\u00f3micos 2021 y 2022 respectivamente.<\/p>\n\n\n\n<h2 class=\"wp-block-heading\">Qu\u00e9 atribuy\u00f3 el fiscal a Fecovita sobre el balance 42<\/h2>\n\n\n\n<p>1) La omisi\u00f3n &#8220;deliberada&#8221; de consignar el&nbsp;retiro de su participaci\u00f3n como accionista en la Exportadora Vitivin\u00edcola SA (Evisa) con posterioridad al cierre del ejercicio econ\u00f3mico comprendido entre el 1 de enero de 2021 y el 31 de diciembre de ese a\u00f1o.<\/p>\n\n\n\n<p>Seg\u00fan la Fiscal\u00eda,&nbsp;<strong>Fecovita&nbsp;<\/strong>ten\u00eda la obligaci\u00f3n contable -seg\u00fan las Normas Contables Profesionales Argentinas- de exponer su retiro de Evisa el 8 de junio de 2022 cuando emiti\u00f3 y aprob\u00f3 el balance 2021 porque &#8220;afect\u00f3 significativamente la situaci\u00f3n&nbsp;<strong>patrimonial<\/strong>&#8220;.<\/p>\n\n\n\n<p>El retiro de&nbsp;<strong>Fecovita&nbsp;<\/strong>de Evisa implic\u00f3 -seg\u00fan el magistrado- &#8220;una&nbsp;disminuci\u00f3n del activo&nbsp;y una circunstancia de&nbsp;significativa importancia&nbsp;<strong>empresarial&nbsp;<\/strong>y&nbsp;<strong>econ\u00f3mica<\/strong>, afectando directamente el patrimonio neto de&nbsp;<strong>Fecovita<\/strong>. La omisi\u00f3n&nbsp;distorsion\u00f3 el conocimiento de la situaci\u00f3n patrimonial, econ\u00f3mica y financiera real&nbsp;de&nbsp;<strong>Fecovita<\/strong>&#8220;, se\u00f1al\u00f3 Ticheli en el escrito de citaci\u00f3n a juicio para los&nbsp;<strong>directivos&nbsp;<\/strong>y&nbsp;<strong>s\u00edndicos&nbsp;<\/strong>de la \u00e9poca.<\/p>\n\n\n\n<p>Los integrantes del Consejo de&nbsp;<strong>Administraci\u00f3n&nbsp;<\/strong>de&nbsp;<strong>Fecovita&nbsp;<\/strong>-Sancho, Panella, Federici e Ira\u00f1eta- y de la Comisi\u00f3n Fiscalizadora -Portera, V\u00e1zquez y Hilda Wilhelm de Vaieretti- &#8220;ten\u00edan pleno conocimiento de la salida de&nbsp;<strong>Fecovita&nbsp;<\/strong>de Evisa, ya que fue tratada en reuniones previas a la aprobaci\u00f3n del balance&#8221;.<\/p>\n\n\n\n<h2 class=\"wp-block-heading\">Qu\u00e9 atribuy\u00f3 el fiscal a Fecovita sobre el balance 43<\/h2>\n\n\n\n<p>1) La omisi\u00f3n deliberada de consignar en el mismo el&nbsp;<strong>Acuerdo Final<\/strong>&nbsp;celebrado con&nbsp;<strong>Iberte SRO&nbsp;<\/strong>y&nbsp;<strong>Evisa&nbsp;<\/strong>el 13 de octubre de 2022.<\/p>\n\n\n\n<p>Seg\u00fan los peritos del&nbsp;<strong>Cuerpo M\u00e9dico Forense<\/strong>, consignar el acuerdo final era una obligaci\u00f3n contable porque &#8220;generaba pasivos ciertos y\/o previsiones para&nbsp;<strong>Fecovita&nbsp;<\/strong>por un valor total de $3.515.622.630,20&#8243;.<\/p>\n\n\n\n<p>Para el fiscal, &#8220;debido al incumplimiento de&nbsp;<strong>Fecovita<\/strong>, el Acuerdo Final con&nbsp;<strong>Iberte SRO<\/strong>&nbsp;y&nbsp;<strong>Evisa&nbsp;<\/strong>dej\u00f3 de tener efecto, lo que reactiv\u00f3 la validez de 4 convenios anteriores celebrados en abril, julio y noviembre de 2021 y en enero de 2022&#8243;.<\/p>\n\n\n\n<p>Los mismos implicaban: A) Obligaciones patrimoniales de dar y\/o hacer para&nbsp;<strong>Fecovita<\/strong>&nbsp;&#8220;incluyendo la&nbsp;recompra de vino y mosto;&nbsp;B) La&nbsp;transferencia de&nbsp;<strong>inmuebles<\/strong><strong><\/strong>como la Bodega Resero, la playa de estacionamiento y la finca y C) El ejercicio de una&nbsp;Opci\u00f3n Irrevocable de Venta (OIV)&nbsp;por parte de Iberte SRO de su participaci\u00f3n en Evisa a Fecovita, estimada en poco m\u00e1s de 26 millones de d\u00f3lares<\/p>\n\n\n\n<p>2) La omisi\u00f3n&nbsp;<strong>deliberada&nbsp;<\/strong>de 2&nbsp;<strong>pedidos de quiebra<\/strong>&nbsp;de&nbsp;<strong>Fecovita&nbsp;<\/strong>por parte de&nbsp;<strong>Iberte SRO&nbsp;<\/strong>y&nbsp;<strong>Evisa<\/strong>, fechados en abril de 2023. Consider\u00f3 el fiscal que &#8220;debieron haberse informado como hechos posteriores al cierre en las notas del Balance 43 pero fueron omitidos&#8221;.<\/p>\n\n\n\n<h2 class=\"wp-block-heading\">El fiscal: &#8220;Los imputados de Fecovita sab\u00edan de las consecuencias&#8221;<\/h2>\n\n\n\n<p>Para Delitos Econ\u00f3micos, &#8220;los imputados Sancho, Panella, Federici, Ira\u00f1eta, Portera, V\u00e1zquez y Wilhelm de Vaieretti ten\u00edan pleno conocimiento del Acuerdo Final con\u00a0<strong>Iberte SRO<\/strong>\u00a0y\u00a0<strong>Evisa\u00a0<\/strong>y sus consecuencias\u00a0<strong>patrimoniales<\/strong>, pero limitaron su referencia a una nota ambigua&#8221;.<\/p>\n\n\n\n<p><strong>Fuente: www.diariouno.com.ar<\/strong><\/p>\n","protected":false},"excerpt":{"rendered":"<p>La Fiscal\u00eda de Delitos Econ\u00f3micos requiri\u00f3 al Tribunal Penal Colegiado que cite a juicio oral y p\u00fablico a 7 directivos y s\u00edndicos de\u00a0Fecovita\u00a0por el delito penal de certificaci\u00f3n, autorizaci\u00f3n y publicaci\u00f3n de balances falsos en perjuicio de la ex socia espa\u00f1ola\/eslovaca Iberte SRO en el negocio de exportaci\u00f3n de vino y mosto. Les atribuy\u00f3 maniobras [&hellip;]<\/p>\n","protected":false},"author":2,"featured_media":14541,"comment_status":"open","ping_status":"open","sticky":false,"template":"","format":"standard","meta":[],"categories":[72],"tags":[],"_links":{"self":[{"href":"https:\/\/pasaenmendoza.com\/index.php?rest_route=\/wp\/v2\/posts\/14540"}],"collection":[{"href":"https:\/\/pasaenmendoza.com\/index.php?rest_route=\/wp\/v2\/posts"}],"about":[{"href":"https:\/\/pasaenmendoza.com\/index.php?rest_route=\/wp\/v2\/types\/post"}],"author":[{"embeddable":true,"href":"https:\/\/pasaenmendoza.com\/index.php?rest_route=\/wp\/v2\/users\/2"}],"replies":[{"embeddable":true,"href":"https:\/\/pasaenmendoza.com\/index.php?rest_route=%2Fwp%2Fv2%2Fcomments&post=14540"}],"version-history":[{"count":1,"href":"https:\/\/pasaenmendoza.com\/index.php?rest_route=\/wp\/v2\/posts\/14540\/revisions"}],"predecessor-version":[{"id":14542,"href":"https:\/\/pasaenmendoza.com\/index.php?rest_route=\/wp\/v2\/posts\/14540\/revisions\/14542"}],"wp:featuredmedia":[{"embeddable":true,"href":"https:\/\/pasaenmendoza.com\/index.php?rest_route=\/wp\/v2\/media\/14541"}],"wp:attachment":[{"href":"https:\/\/pasaenmendoza.com\/index.php?rest_route=%2Fwp%2Fv2%2Fmedia&parent=14540"}],"wp:term":[{"taxonomy":"category","embeddable":true,"href":"https:\/\/pasaenmendoza.com\/index.php?rest_route=%2Fwp%2Fv2%2Fcategories&post=14540"},{"taxonomy":"post_tag","embeddable":true,"href":"https:\/\/pasaenmendoza.com\/index.php?rest_route=%2Fwp%2Fv2%2Ftags&post=14540"}],"curies":[{"name":"wp","href":"https:\/\/api.w.org\/{rel}","templated":true}]}}