{"id":14543,"date":"2025-09-02T23:57:41","date_gmt":"2025-09-02T21:57:41","guid":{"rendered":"https:\/\/pasaenmendoza.com\/?p=14543"},"modified":"2025-09-02T23:57:41","modified_gmt":"2025-09-02T21:57:41","slug":"a-que-hora-y-en-que-zonas-sera-el-proximo-corte-de-agua-grande-en-mendoza","status":"publish","type":"post","link":"https:\/\/pasaenmendoza.com\/?p=14543","title":{"rendered":"A qu\u00e9 hora y en qu\u00e9 zonas ser\u00e1 el pr\u00f3ximo corte de agua grande en Mendoza"},"content":{"rendered":"\n<p>El\u00a0<strong>corte de agua<\/strong>\u00a0se encontraba programado para este fin de semana pasado, pero debido a la tormenta de Santa Rosa fue reprogramado.\u00a0<strong>AYSAM<\/strong>\u00a0comparti\u00f3 un comunicado de la nueva fecha del\u00a0<strong>corte de agua<\/strong>\u00a0en la provincia de\u00a0<strong>Mendoza<\/strong>\u00a0esta semana.<\/p>\n\n\n\n<h2 class=\"wp-block-heading\">Cu\u00e1ndo es el corte de agua<\/h2>\n\n\n\n<p><strong>AYSAM<\/strong>\u00a0emiti\u00f3 un comunicado oficial\u00a0en el cual detalla que el pr\u00f3ximo s\u00e1bado 6 de septiembre\u00a0<strong>Aguas Mendocinas<\/strong>\u00a0instalar\u00e1 1 nuevo caudal\u00edmetro sobre acueducto 800 mm a la salida del establecimiento potabilizador Potrerillos.<\/p>\n\n\n\n<p>Adem\u00e1s, y para aprovechar esta intervenci\u00f3n, se realizar\u00e1n simult\u00e1neamente las tareas operativas, previas y necesarias para una pr\u00f3xima instalaci\u00f3n de 2 nuevos caudal\u00edmetros a la salida del establecimiento potabilizador Luj\u00e1n II, sobre acueductos de 450 mm y 500 mm.<\/p>\n\n\n\n<p>Las tareas ser\u00e1n ejecutadas por personal operativo de AYSAM<strong>,<\/strong>\u00a0con el apoyo de la empresa contratista y la supervisi\u00f3n de la inspecci\u00f3n de obra. El operativo tendr\u00e1 una duraci\u00f3n de aproximadamente 12 horas.<\/p>\n\n\n\n<p>Una vez finalizado, comenzar\u00e1n las tareas de recuperaci\u00f3n de las reservas y purgas de acueductos. El servicio se ir\u00e1 restableciendo paulatinamente entre 24 y 48 horas posteriores a la instalaci\u00f3n.<\/p>\n\n\n\n<h2 class=\"wp-block-heading\">Zonas afectadas<\/h2>\n\n\n\n<p>El s\u00e1bado 6 de septiembre,\u00a0<strong>a partir de las 3.30<\/strong>, habr\u00e1 un\u00a0<strong>corte de agua<\/strong>\u00a0programado durante toda la jornada en algunas zonas del \u00c1rea Metropolitana:<\/p>\n\n\n\n<ul>\n<li>&nbsp;<strong>Ciudad:<\/strong>&nbsp;La Favorita<\/li>\n\n\n\n<li><strong>Godoy Cruz:<\/strong>&nbsp;de Lateral Este Acceso Sur a 9 de Julio y de Carrodilla a Rodriguez Pe\u00f1a<\/li>\n\n\n\n<li><strong>Guaymall\u00e9n:<\/strong>&nbsp;San Francisco del Monte, Rodeo de la Cruz, Capilla del Rosario, Jes\u00fas Nazareno, y algunas zonas de Villa Nueva<\/li>\n\n\n\n<li><strong>Luj\u00e1n:<\/strong>&nbsp;Blanco Encalada, Las Compuertas, La Puntilla, Chacras de Coria, Potrerillos, Cacheuta, barrios Los Alerces I y II, Susso, San Antonio y Huarpes III<\/li>\n\n\n\n<li><strong>Maip\u00fa:<\/strong>&nbsp;Coquimbito y Luzuriaga<\/li>\n<\/ul>\n\n\n\n<p>Las tareas ser\u00e1n ejecutadas por personal operativo de\u00a0<strong>AYSAM,<\/strong>\u00a0con el apoyo de la empresa contratista y la supervisi\u00f3n de la\u00a0inspecci\u00f3n de obra.<\/p>\n\n\n\n<p>El\u00a0restablecimiento\u00a0del\u00a0<strong>servicio<\/strong>\u00a0comenzar\u00e1 a partir del domingo por la noche y se dar\u00e1 en forma paulatina. Por eso, es importante cuidar al m\u00e1ximo las reservas de\u00a0<strong>agua<\/strong>\u00a0potable hasta ese momento.<\/p>\n\n\n\n<p><strong>Fuente: www.diariouno.com.ar<\/strong><\/p>\n","protected":false},"excerpt":{"rendered":"<p>El\u00a0corte de agua\u00a0se encontraba programado para este fin de semana pasado, pero debido a la tormenta de Santa Rosa fue reprogramado.\u00a0AYSAM\u00a0comparti\u00f3 un comunicado de la nueva fecha del\u00a0corte de agua\u00a0en la provincia de\u00a0Mendoza\u00a0esta semana. Cu\u00e1ndo es el corte de agua AYSAM\u00a0emiti\u00f3 un comunicado oficial\u00a0en el cual detalla que el pr\u00f3ximo s\u00e1bado 6 de septiembre\u00a0Aguas Mendocinas\u00a0instalar\u00e1 [&hellip;]<\/p>\n","protected":false},"author":2,"featured_media":14544,"comment_status":"open","ping_status":"open","sticky":false,"template":"","format":"standard","meta":[],"categories":[50],"tags":[],"_links":{"self":[{"href":"https:\/\/pasaenmendoza.com\/index.php?rest_route=\/wp\/v2\/posts\/14543"}],"collection":[{"href":"https:\/\/pasaenmendoza.com\/index.php?rest_route=\/wp\/v2\/posts"}],"about":[{"href":"https:\/\/pasaenmendoza.com\/index.php?rest_route=\/wp\/v2\/types\/post"}],"author":[{"embeddable":true,"href":"https:\/\/pasaenmendoza.com\/index.php?rest_route=\/wp\/v2\/users\/2"}],"replies":[{"embeddable":true,"href":"https:\/\/pasaenmendoza.com\/index.php?rest_route=%2Fwp%2Fv2%2Fcomments&post=14543"}],"version-history":[{"count":1,"href":"https:\/\/pasaenmendoza.com\/index.php?rest_route=\/wp\/v2\/posts\/14543\/revisions"}],"predecessor-version":[{"id":14545,"href":"https:\/\/pasaenmendoza.com\/index.php?rest_route=\/wp\/v2\/posts\/14543\/revisions\/14545"}],"wp:featuredmedia":[{"embeddable":true,"href":"https:\/\/pasaenmendoza.com\/index.php?rest_route=\/wp\/v2\/media\/14544"}],"wp:attachment":[{"href":"https:\/\/pasaenmendoza.com\/index.php?rest_route=%2Fwp%2Fv2%2Fmedia&parent=14543"}],"wp:term":[{"taxonomy":"category","embeddable":true,"href":"https:\/\/pasaenmendoza.com\/index.php?rest_route=%2Fwp%2Fv2%2Fcategories&post=14543"},{"taxonomy":"post_tag","embeddable":true,"href":"https:\/\/pasaenmendoza.com\/index.php?rest_route=%2Fwp%2Fv2%2Ftags&post=14543"}],"curies":[{"name":"wp","href":"https:\/\/api.w.org\/{rel}","templated":true}]}}