{"id":14549,"date":"2025-09-03T15:59:10","date_gmt":"2025-09-03T13:59:10","guid":{"rendered":"https:\/\/pasaenmendoza.com\/?p=14549"},"modified":"2025-09-03T15:59:11","modified_gmt":"2025-09-03T13:59:11","slug":"el-tiempo-en-mendoza-para-este-miercoles-volvio-el-frio-y-hay-que-sacar-los-abrigos","status":"publish","type":"post","link":"https:\/\/pasaenmendoza.com\/?p=14549","title":{"rendered":"El tiempo en Mendoza para este mi\u00e9rcoles: volvi\u00f3 el fr\u00edo y hay que sacar los abrigos"},"content":{"rendered":"\n<p>La temperatura m\u00e1xima para este mi\u00e9rcoles tendr\u00e1 una disminuci\u00f3n respecto de d\u00edas previos: se estima que llegar\u00e1 a los 14 grados cent\u00edgrados, mientras que la m\u00ednima ser\u00e1 de unos 6 grados cent\u00edgrados.<\/p>\n\n\n\n<p>Despu\u00e9s del efecto Zonda, ingres\u00f3 un frente fr\u00edo en la madrugada del mi\u00e9rcoles.<\/p>\n\n\n\n<p>El pron\u00f3stico para la jornada se\u00f1ala que estar\u00e1 \u201cparcialmente nublado con descenso de la temperatura, vientos moderados del sudeste\u201d.<\/p>\n\n\n\n<p>Se espera circulaci\u00f3n de viento sur en forma leve durante toda la jornada, afectando toda la Provincia. Se prolongar\u00e1 hasta las 2 o 3 del d\u00eda jueves.<\/p>\n\n\n\n<p>Amanece despejado, luego entre las 11 y 18, seminublado en zona Sur y zona Este (La Paz). Posteriormente, despejado totalmente.<\/p>\n\n\n\n<p>El tiempo en alta monta\u00f1a: \u201cParcialmente nublado en cordillera\u201d. Seminublado durante la ma\u00f1ana. A partir del mediod\u00eda, despejado casi completamente.<\/p>\n\n\n\n<p><strong>Fuente: www.elsol.com.ar<\/strong><\/p>\n","protected":false},"excerpt":{"rendered":"<p>La temperatura m\u00e1xima para este mi\u00e9rcoles tendr\u00e1 una disminuci\u00f3n respecto de d\u00edas previos: se estima que llegar\u00e1 a los 14 grados cent\u00edgrados, mientras que la m\u00ednima ser\u00e1 de unos 6 grados cent\u00edgrados. Despu\u00e9s del efecto Zonda, ingres\u00f3 un frente fr\u00edo en la madrugada del mi\u00e9rcoles. El pron\u00f3stico para la jornada se\u00f1ala que estar\u00e1 \u201cparcialmente nublado [&hellip;]<\/p>\n","protected":false},"author":2,"featured_media":14550,"comment_status":"open","ping_status":"open","sticky":false,"template":"","format":"standard","meta":[],"categories":[52],"tags":[],"_links":{"self":[{"href":"https:\/\/pasaenmendoza.com\/index.php?rest_route=\/wp\/v2\/posts\/14549"}],"collection":[{"href":"https:\/\/pasaenmendoza.com\/index.php?rest_route=\/wp\/v2\/posts"}],"about":[{"href":"https:\/\/pasaenmendoza.com\/index.php?rest_route=\/wp\/v2\/types\/post"}],"author":[{"embeddable":true,"href":"https:\/\/pasaenmendoza.com\/index.php?rest_route=\/wp\/v2\/users\/2"}],"replies":[{"embeddable":true,"href":"https:\/\/pasaenmendoza.com\/index.php?rest_route=%2Fwp%2Fv2%2Fcomments&post=14549"}],"version-history":[{"count":1,"href":"https:\/\/pasaenmendoza.com\/index.php?rest_route=\/wp\/v2\/posts\/14549\/revisions"}],"predecessor-version":[{"id":14551,"href":"https:\/\/pasaenmendoza.com\/index.php?rest_route=\/wp\/v2\/posts\/14549\/revisions\/14551"}],"wp:featuredmedia":[{"embeddable":true,"href":"https:\/\/pasaenmendoza.com\/index.php?rest_route=\/wp\/v2\/media\/14550"}],"wp:attachment":[{"href":"https:\/\/pasaenmendoza.com\/index.php?rest_route=%2Fwp%2Fv2%2Fmedia&parent=14549"}],"wp:term":[{"taxonomy":"category","embeddable":true,"href":"https:\/\/pasaenmendoza.com\/index.php?rest_route=%2Fwp%2Fv2%2Fcategories&post=14549"},{"taxonomy":"post_tag","embeddable":true,"href":"https:\/\/pasaenmendoza.com\/index.php?rest_route=%2Fwp%2Fv2%2Ftags&post=14549"}],"curies":[{"name":"wp","href":"https:\/\/api.w.org\/{rel}","templated":true}]}}