{"id":14552,"date":"2025-09-03T16:06:23","date_gmt":"2025-09-03T14:06:23","guid":{"rendered":"https:\/\/pasaenmendoza.com\/?p=14552"},"modified":"2025-09-03T16:06:24","modified_gmt":"2025-09-03T14:06:24","slug":"tras-el-accidente-en-alta-montana-cuando-reabrira-el-paso-a-chile","status":"publish","type":"post","link":"https:\/\/pasaenmendoza.com\/?p=14552","title":{"rendered":"Tras el accidente en alta monta\u00f1a, \u00bfcu\u00e1ndo reabrir\u00e1 el Paso a Chile?"},"content":{"rendered":"\n<p>Autoridades del Sistema Integrado Cristo Redentor informaron que el&nbsp;<strong>paso a Chile se encuentra cerrado moment\u00e1neamente<\/strong>&nbsp;en ambos sentidos para todo tipo de veh\u00edculos, por el accidente de un cami\u00f3n en la ruta 7. Desde Vialidad Nacional eval\u00faan la estructura y analizan la reapertura para las pr\u00f3ximas horas.<\/p>\n\n\n\n<p>Tras el accidente que tuvo como protagonista a un cami\u00f3n, Vialidad Nacional se encuentra trabajando en el puente del r\u00edo Mendoza a la altura de Punta de Vacas, kil\u00f3metro 1.196. La estructura result\u00f3 da\u00f1ada y no garantiza condiciones segura de transitabilidad hasta concluir con los trabajos de reparaci\u00f3n.<\/p>\n\n\n\n<p><em>\u201cSe est\u00e1n evaluando las condiciones de seguridad del puente, se observan da\u00f1os en la baranda que son por lo menos 40 metros. Los t\u00e9cnicos se encuentran trabajando para reemplazar la estructura da\u00f1ada con el objetivo de brindar las condiciones de seguridad para los veh\u00edculos que transitan por el lugar. La reparaci\u00f3n es sobre el puente, entonces no se puede hacer un bypass\u201d<\/em>, expresaron desde el organismo nacional y aseguraron que&nbsp;<em>\u201cla reapertura de la frontera podr\u00eda darse cerca del mediod\u00eda\u201d<\/em>.<\/p>\n\n\n\n<h2 class=\"wp-block-heading\" id=\"h-detalles-del-accidente\">Detalles del accidente<\/h2>\n\n\n\n<p>Un cami\u00f3n tractor tra\u00eda remolcado a otro cami\u00f3n tractor sentido Chile \/Argentina y, por razones que se tratan de determinar, uno de ellos se precipit\u00f3 al r\u00edo Vacas cayendo a 20 metros de profundidad. El ch\u00f3fer sobrevivi\u00f3 a la ca\u00edda y fue rescatado para su atenci\u00f3n.<\/p>\n\n\n\n<p><strong>Fuente: www.elsol.com.ar<\/strong><\/p>\n","protected":false},"excerpt":{"rendered":"<p>Autoridades del Sistema Integrado Cristo Redentor informaron que el&nbsp;paso a Chile se encuentra cerrado moment\u00e1neamente&nbsp;en ambos sentidos para todo tipo de veh\u00edculos, por el accidente de un cami\u00f3n en la ruta 7. Desde Vialidad Nacional eval\u00faan la estructura y analizan la reapertura para las pr\u00f3ximas horas. Tras el accidente que tuvo como protagonista a un [&hellip;]<\/p>\n","protected":false},"author":2,"featured_media":14553,"comment_status":"open","ping_status":"open","sticky":false,"template":"","format":"standard","meta":[],"categories":[48],"tags":[],"_links":{"self":[{"href":"https:\/\/pasaenmendoza.com\/index.php?rest_route=\/wp\/v2\/posts\/14552"}],"collection":[{"href":"https:\/\/pasaenmendoza.com\/index.php?rest_route=\/wp\/v2\/posts"}],"about":[{"href":"https:\/\/pasaenmendoza.com\/index.php?rest_route=\/wp\/v2\/types\/post"}],"author":[{"embeddable":true,"href":"https:\/\/pasaenmendoza.com\/index.php?rest_route=\/wp\/v2\/users\/2"}],"replies":[{"embeddable":true,"href":"https:\/\/pasaenmendoza.com\/index.php?rest_route=%2Fwp%2Fv2%2Fcomments&post=14552"}],"version-history":[{"count":1,"href":"https:\/\/pasaenmendoza.com\/index.php?rest_route=\/wp\/v2\/posts\/14552\/revisions"}],"predecessor-version":[{"id":14554,"href":"https:\/\/pasaenmendoza.com\/index.php?rest_route=\/wp\/v2\/posts\/14552\/revisions\/14554"}],"wp:featuredmedia":[{"embeddable":true,"href":"https:\/\/pasaenmendoza.com\/index.php?rest_route=\/wp\/v2\/media\/14553"}],"wp:attachment":[{"href":"https:\/\/pasaenmendoza.com\/index.php?rest_route=%2Fwp%2Fv2%2Fmedia&parent=14552"}],"wp:term":[{"taxonomy":"category","embeddable":true,"href":"https:\/\/pasaenmendoza.com\/index.php?rest_route=%2Fwp%2Fv2%2Fcategories&post=14552"},{"taxonomy":"post_tag","embeddable":true,"href":"https:\/\/pasaenmendoza.com\/index.php?rest_route=%2Fwp%2Fv2%2Ftags&post=14552"}],"curies":[{"name":"wp","href":"https:\/\/api.w.org\/{rel}","templated":true}]}}