{"id":14555,"date":"2025-09-03T16:09:54","date_gmt":"2025-09-03T14:09:54","guid":{"rendered":"https:\/\/pasaenmendoza.com\/?p=14555"},"modified":"2025-09-03T16:09:55","modified_gmt":"2025-09-03T14:09:55","slug":"tres-colectivos-chocaron-en-cadena-en-ciudad-y-hay-13-heridos","status":"publish","type":"post","link":"https:\/\/pasaenmendoza.com\/?p=14555","title":{"rendered":"Tres colectivos chocaron en cadena en Ciudad y hay 13 heridos"},"content":{"rendered":"\n<p>Un fuerte accidente de tr\u00e1nsito ocurri\u00f3 esta ma\u00f1ana en pleno centro mendocino:&nbsp;<strong>tres colectivos chocaron en cadena en calle Montecaseros, entre Lavalle y Buenos Aires, frente a plaza Sarmiento<\/strong>, una zona de alto tr\u00e1nsito.&nbsp;<\/p>\n\n\n\n<p><strong>El hecho dej\u00f3 al menos 13 personas heridas<\/strong>, aunque\u00a0<strong>ninguna de gravedad<\/strong>, seg\u00fan los primeros informes m\u00e9dicos. El periodista\u00a0<strong>Juli\u00e1n Chabert<\/strong>\u00a0comparti\u00f3 la informaci\u00f3n desde el lugar en un m\u00f3vil para<strong>\u00a0Radio Post<\/strong>\u00a0(92.1 en el Gran Mendoza y San Mart\u00edn, 96.9 en Luj\u00e1n de Cuyo y 96.7 en La Paz).\u00a0<\/p>\n\n\n\n<p>El siniestro se produjo alrededor de las\u00a0<strong>7 de la ma\u00f1ana<\/strong>, en horario pico. Seg\u00fan relat\u00f3 Chabert,\u00a0<strong>dos colectivos -uno de la l\u00ednea 900 y otro de la l\u00ednea 700- esperaban en el sem\u00e1foro<\/strong>\u00a0cuando un\u00a0<strong>tercer colectivo, tambi\u00e9n de la l\u00ednea 700<\/strong>, no logr\u00f3 frenar a tiempo e impact\u00f3 de lleno contra el segundo, provocando el choque en cadena. Los tres micros iban con una importante cantidad de pasajeros, incluidos ni\u00f1os y adultos mayores.<\/p>\n\n\n\n<p><strong>Testigos describieron el impacto como &#8220;una explosi\u00f3n&#8221;<\/strong>. Afirmaron que\u00a0<strong>no escucharon frenos previos<\/strong>, solo el fuerte estruendo. &#8220;Todav\u00eda estaba oscuro y muchos pasajeros ven\u00edan dormitando, nadie entend\u00eda qu\u00e9 hab\u00eda pasado&#8221;, comentaron. La zona es especialmente transitada a esa hora, ya que hay\u00a0<strong>dos escuelas en esa misma esquina<\/strong>.<\/p>\n\n\n\n<p>Como consecuencia del choque, el&nbsp;<strong>tr\u00e1nsito qued\u00f3 reducido<\/strong>&nbsp;en la zona mientras trabajan en el lugar&nbsp;<strong>servicios m\u00e9dicos y personal policial<\/strong>. Los primeros reportes indican que la mayor\u00eda de los heridos sufri\u00f3&nbsp;<strong>traumatismos cervicales y golpes<\/strong>, pero todos estar\u00edan&nbsp;<strong>fuera de peligro<\/strong>.<\/p>\n\n\n\n<p>El impacto dej\u00f3\u00a0<strong>vidrios esparcidos por toda la calzada<\/strong>\u00a0y gener\u00f3 gran preocupaci\u00f3n entre vecinos y conductores. Se recomienda evitar la zona mientras contin\u00faan las tareas de asistencia y limpieza.<\/p>\n\n\n\n<p><strong>Fuente: www.mendozapost.com<\/strong><\/p>\n","protected":false},"excerpt":{"rendered":"<p>Un fuerte accidente de tr\u00e1nsito ocurri\u00f3 esta ma\u00f1ana en pleno centro mendocino:&nbsp;tres colectivos chocaron en cadena en calle Montecaseros, entre Lavalle y Buenos Aires, frente a plaza Sarmiento, una zona de alto tr\u00e1nsito.&nbsp; El hecho dej\u00f3 al menos 13 personas heridas, aunque\u00a0ninguna de gravedad, seg\u00fan los primeros informes m\u00e9dicos. El periodista\u00a0Juli\u00e1n Chabert\u00a0comparti\u00f3 la informaci\u00f3n desde [&hellip;]<\/p>\n","protected":false},"author":2,"featured_media":14556,"comment_status":"open","ping_status":"open","sticky":false,"template":"","format":"standard","meta":[],"categories":[48],"tags":[],"_links":{"self":[{"href":"https:\/\/pasaenmendoza.com\/index.php?rest_route=\/wp\/v2\/posts\/14555"}],"collection":[{"href":"https:\/\/pasaenmendoza.com\/index.php?rest_route=\/wp\/v2\/posts"}],"about":[{"href":"https:\/\/pasaenmendoza.com\/index.php?rest_route=\/wp\/v2\/types\/post"}],"author":[{"embeddable":true,"href":"https:\/\/pasaenmendoza.com\/index.php?rest_route=\/wp\/v2\/users\/2"}],"replies":[{"embeddable":true,"href":"https:\/\/pasaenmendoza.com\/index.php?rest_route=%2Fwp%2Fv2%2Fcomments&post=14555"}],"version-history":[{"count":1,"href":"https:\/\/pasaenmendoza.com\/index.php?rest_route=\/wp\/v2\/posts\/14555\/revisions"}],"predecessor-version":[{"id":14557,"href":"https:\/\/pasaenmendoza.com\/index.php?rest_route=\/wp\/v2\/posts\/14555\/revisions\/14557"}],"wp:featuredmedia":[{"embeddable":true,"href":"https:\/\/pasaenmendoza.com\/index.php?rest_route=\/wp\/v2\/media\/14556"}],"wp:attachment":[{"href":"https:\/\/pasaenmendoza.com\/index.php?rest_route=%2Fwp%2Fv2%2Fmedia&parent=14555"}],"wp:term":[{"taxonomy":"category","embeddable":true,"href":"https:\/\/pasaenmendoza.com\/index.php?rest_route=%2Fwp%2Fv2%2Fcategories&post=14555"},{"taxonomy":"post_tag","embeddable":true,"href":"https:\/\/pasaenmendoza.com\/index.php?rest_route=%2Fwp%2Fv2%2Ftags&post=14555"}],"curies":[{"name":"wp","href":"https:\/\/api.w.org\/{rel}","templated":true}]}}