{"id":14558,"date":"2025-09-03T16:27:16","date_gmt":"2025-09-03T14:27:16","guid":{"rendered":"https:\/\/pasaenmendoza.com\/?p=14558"},"modified":"2025-09-03T16:27:17","modified_gmt":"2025-09-03T14:27:17","slug":"un-policia-mendocino-debera-devolver-un-adicional-la-decision-de-seguridad-que-puede-afectar-a-mas-uniformados","status":"publish","type":"post","link":"https:\/\/pasaenmendoza.com\/?p=14558","title":{"rendered":"Un polic\u00eda mendocino deber\u00e1 devolver un adicional: la decisi\u00f3n de Seguridad que puede afectar a m\u00e1s uniformados"},"content":{"rendered":"\n<p>A trav\u00e9s de un decreto publicado este mi\u00e9rcoles, El Gobierno de Mendoza orden\u00f3 a la Asesor\u00eda de Gobierno iniciar acciones legales contra un oficial principal de la Polic\u00eda<strong>&nbsp;<\/strong>para que devuelva el adicional por&nbsp;<em>\u201ct\u00edtulo de Licenciado en Seguridad Ciudadana\u201d<\/em>&nbsp;que ven\u00eda percibiendo desde 2022.<\/p>\n\n\n\n<p>La historia se remonta a 2021, cuando el agente reclam\u00f3 el pago de este beneficio. Si bien en 2022 el Ministerio de Seguridad resolvi\u00f3 a su favor, un nuevo an\u00e1lisis legal cambi\u00f3 el panorama.<\/p>\n\n\n\n<p>El dictamen de la&nbsp;<strong>Asesor\u00eda de Gobierno<\/strong>&nbsp;fue contundente: la resoluci\u00f3n original que le otorg\u00f3 el adicional al polic\u00eda se consider\u00f3 \u201c<em>lesiva a los intereses p\u00fablicos<\/em>\u201d por ser&nbsp;<strong>ileg\u00edtima<\/strong>. El organismo t\u00e9cnico argument\u00f3 que la norma que justific\u00f3 el pago se dict\u00f3 con \u201c<em>exceso de la facultad reglamentaria<\/em>\u201c, lo que constituye un vicio grave.<\/p>\n\n\n\n<p>En consecuencia, el\u00a0<strong>Ministerio de Seguridad y Justicia<\/strong>\u00a0declar\u00f3 la resoluci\u00f3n de 2022 como nula y procedi\u00f3 a notificar al agente. Ahora, Gobernaci\u00f3n ha instruido a la Asesor\u00eda de Gobierno a tomar medidas judiciales para que el oficial restituya el dinero cobrado.<\/p>\n\n\n\n<p>Adem\u00e1s, el decreto faculta al Asesor de Gobierno a reevaluar la situaci\u00f3n de otros casos similares, considerando la normativa sobre prescripci\u00f3n.<\/p>\n\n\n\n<p><strong>Fuente: www.elsol.com.ar<\/strong><\/p>\n","protected":false},"excerpt":{"rendered":"<p>A trav\u00e9s de un decreto publicado este mi\u00e9rcoles, El Gobierno de Mendoza orden\u00f3 a la Asesor\u00eda de Gobierno iniciar acciones legales contra un oficial principal de la Polic\u00eda&nbsp;para que devuelva el adicional por&nbsp;\u201ct\u00edtulo de Licenciado en Seguridad Ciudadana\u201d&nbsp;que ven\u00eda percibiendo desde 2022. La historia se remonta a 2021, cuando el agente reclam\u00f3 el pago de [&hellip;]<\/p>\n","protected":false},"author":2,"featured_media":14559,"comment_status":"open","ping_status":"open","sticky":false,"template":"","format":"standard","meta":[],"categories":[50],"tags":[],"_links":{"self":[{"href":"https:\/\/pasaenmendoza.com\/index.php?rest_route=\/wp\/v2\/posts\/14558"}],"collection":[{"href":"https:\/\/pasaenmendoza.com\/index.php?rest_route=\/wp\/v2\/posts"}],"about":[{"href":"https:\/\/pasaenmendoza.com\/index.php?rest_route=\/wp\/v2\/types\/post"}],"author":[{"embeddable":true,"href":"https:\/\/pasaenmendoza.com\/index.php?rest_route=\/wp\/v2\/users\/2"}],"replies":[{"embeddable":true,"href":"https:\/\/pasaenmendoza.com\/index.php?rest_route=%2Fwp%2Fv2%2Fcomments&post=14558"}],"version-history":[{"count":1,"href":"https:\/\/pasaenmendoza.com\/index.php?rest_route=\/wp\/v2\/posts\/14558\/revisions"}],"predecessor-version":[{"id":14560,"href":"https:\/\/pasaenmendoza.com\/index.php?rest_route=\/wp\/v2\/posts\/14558\/revisions\/14560"}],"wp:featuredmedia":[{"embeddable":true,"href":"https:\/\/pasaenmendoza.com\/index.php?rest_route=\/wp\/v2\/media\/14559"}],"wp:attachment":[{"href":"https:\/\/pasaenmendoza.com\/index.php?rest_route=%2Fwp%2Fv2%2Fmedia&parent=14558"}],"wp:term":[{"taxonomy":"category","embeddable":true,"href":"https:\/\/pasaenmendoza.com\/index.php?rest_route=%2Fwp%2Fv2%2Fcategories&post=14558"},{"taxonomy":"post_tag","embeddable":true,"href":"https:\/\/pasaenmendoza.com\/index.php?rest_route=%2Fwp%2Fv2%2Ftags&post=14558"}],"curies":[{"name":"wp","href":"https:\/\/api.w.org\/{rel}","templated":true}]}}