{"id":14561,"date":"2025-09-03T23:52:53","date_gmt":"2025-09-03T21:52:53","guid":{"rendered":"https:\/\/pasaenmendoza.com\/?p=14561"},"modified":"2025-09-03T23:52:54","modified_gmt":"2025-09-03T21:52:54","slug":"se-vendio-una-conocida-cadena-de-supermercados-en-mendoza","status":"publish","type":"post","link":"https:\/\/pasaenmendoza.com\/?p=14561","title":{"rendered":"Se vendi\u00f3 una conocida cadena de supermercados en Mendoza"},"content":{"rendered":"\n<p>A pocos a\u00f1os de instalarse como marca registrada entre los mendocinos, la cadena de\u00a0<strong>supermercados Super A cambi\u00f3 de manos<\/strong>. La<strong>\u00a0venta<\/strong>\u00a0termin\u00f3 de concretarse los \u00faltimos d\u00edas de agosto y\u00a0<strong>su nuevo due\u00f1o es\u00a0Carrefour<\/strong>, que al mismo tiempo est\u00e1 en proceso de adquisici\u00f3n por parte de un grupo argentino.<\/p>\n\n\n\n<p>Los fundadores de S\u00faper A, la familia Abraham, confirmaron que la marca seguir\u00e1 vigente. Es que de&nbsp;<strong>los 18 eslabones de la cadena Carrefour adquiri\u00f3 16<\/strong>, mientras los&nbsp;<strong>restantes 2<\/strong>, ubicados en&nbsp;<strong>Chacras de Coria y Maip\u00fa<\/strong>, seguir\u00e1n en poder de los vendedores.<\/p>\n\n\n\n<p>En concreto, la operaci\u00f3n busca consolidar la marca en el segmento minorista. Y se da en un momento particular, ya que comenz\u00f3 con&nbsp;<strong>una oferta del grupo franc\u00e9s<\/strong>&nbsp;que a su vez est\u00e1 cerca de&nbsp;<strong>concretar su propia venta a capitales argentinos<\/strong>&nbsp;(ver aparte) .<\/p>\n\n\n\n<p>Por eso el traspaso de los S\u00faper A se aceler\u00f3 desde fin de mes, primero con l<strong>iquidaci\u00f3n de stocks<\/strong>&nbsp;durante el fin de semana, y finalmente con el&nbsp;<strong>cierre de los locales&nbsp;<\/strong>para su remodelaci\u00f3n, ya que reabrir\u00e1n con la marca&nbsp;<strong>Carrefour Express<\/strong>.<\/p>\n\n\n\n<p>A la hora de ultimar detalles, cuyas cifras no trascendieron, un \u00edtem clave de la negociaci\u00f3n fue asegurar el futuro del personal de Super A, que oscilan entre 4 y 5 por tienda. Son<strong>\u00a080 empleados\u00a0<\/strong>en total, que en los \u00faltimos d\u00edas fueron notificados de su destino.<\/p>\n\n\n\n<h2 class=\"wp-block-heading\">La decisi\u00f3n de venta y una oferta oportuna<\/h2>\n\n\n\n<p><strong>Carrefour<\/strong>&nbsp;asumi\u00f3 el compromiso de&nbsp;<strong>absorber parte de la plantilla<\/strong>, mientras un porcentaje menor pasar\u00e1n a sumarse al equipo de los dos locales a los que se reduce la marca.<\/p>\n\n\n\n<p>S\u00faper A viene de ser el motor de un fen\u00f3meno de los \u00faltimos a\u00f1os: el segmento de&nbsp;<strong>negocios de cercan\u00eda<\/strong>, con atenci\u00f3n en horario extendido y un amplio surtido de productos para&nbsp;<strong>compras &#8220;expr\u00e9s&#8221;<\/strong>&nbsp;y de pocos art\u00edculos. Por eso, es una apuesta importante: as\u00ed, el formato&nbsp;<strong>Carrefour Express<\/strong>&nbsp;pasar\u00e1 de tener<strong>&nbsp;5 bocas a 21 en el Gran Mendoza<\/strong>.<\/p>\n\n\n\n<p>La venta de la cadena mendocina no naci\u00f3 por una oportunidad de hacer negocio, sino por un hecho fortuito que impact\u00f3 en el seno familiar. La p\u00e9rdida del gerente general de la cadena, parte del c\u00edrculo \u00edntimo, a principios de a\u00f1o hizo que empezara a considerarse la posibilidad de una&nbsp;<strong>venta<\/strong>&nbsp;<strong>parcial<\/strong>.<\/p>\n\n\n\n<p>&#8220;<strong>Recibimos una oferta de Carrefour<\/strong>&nbsp;y all\u00ed comenz\u00f3 la negociaci\u00f3n&#8221;, reconocieron los ahora vendedores.<\/p>\n\n\n\n<p>Por su parte,\u00a0Carrefour lleva adelante su propio proceso de venta, que comenz\u00f3 a fines de julio\u00a0con algunos grupos empresarios interesados. Entre otros, capitales chinos y tambi\u00e9n argentinos.<\/p>\n\n\n\n<h2 class=\"wp-block-heading\">Entre los supermercados minoristas y los mayoristas<\/h2>\n\n\n\n<p>Todo indica que el holding argentino&nbsp;<strong>GDN (Grupo De Narv\u00e1ez)<\/strong>, del empresario y ex candidato presidencial&nbsp;<strong>Francisco De Narv\u00e1ez, es el principal candidato a ser el nuevo due\u00f1o de Carrefour<\/strong>&nbsp;tras cerrar una operaci\u00f3n cercana a los US$ 1000 millones, tal como lo public\u00f3 el portal Infobae.<\/p>\n\n\n\n<p>Ser\u00eda&nbsp;<strong>la segunda transacci\u00f3n con multinacionales<\/strong>&nbsp;que se van del pa\u00eds, dado que GDN compr\u00f3 en 2021 ChangoM\u00e1s, la cadena de supermercados de Walmart Argentina.<\/p>\n\n\n\n<p>Por eso, si termina de concretarse,&nbsp;<strong>la transacci\u00f3n deber\u00e1 pasar por la Comisi\u00f3n de Defensa de la Competencia<\/strong>, ya que colocar\u00eda al grupo en posici\u00f3n dominante en el mercado.<\/p>\n\n\n\n<p>Por su parte, finiquitada la venta de los supermercados Super A a Carrefour,&nbsp;<strong>los Abraham se concentran ahora en Blow-Max<\/strong>, su cadena mayorista, que&nbsp;<strong>se duplic\u00f3 en los \u00faltimos meses<\/strong>.<\/p>\n\n\n\n<p>De hecho,&nbsp;<strong>los 2 locales<\/strong>&nbsp;que ya funcionaban en Ciudad y Guaymall\u00e9n&nbsp;<strong>pasaron a ser 4<\/strong>&nbsp;desde el inicio del 2025 con las inauguraciones de las&nbsp;<strong>nuevas sucursales<\/strong>&nbsp;en&nbsp;<strong>Las Heras<\/strong>&nbsp;y tambi\u00e9n&nbsp;<strong>Luj\u00e1n.<\/strong><\/p>\n\n\n\n<p>En total, entre los 4 eslabones de Blow Max trabajan 210 empleados.<\/p>\n\n\n\n<p><strong>Fuente: www.diariouno.com.ar<\/strong><\/p>\n","protected":false},"excerpt":{"rendered":"<p>A pocos a\u00f1os de instalarse como marca registrada entre los mendocinos, la cadena de\u00a0supermercados Super A cambi\u00f3 de manos. La\u00a0venta\u00a0termin\u00f3 de concretarse los \u00faltimos d\u00edas de agosto y\u00a0su nuevo due\u00f1o es\u00a0Carrefour, que al mismo tiempo est\u00e1 en proceso de adquisici\u00f3n por parte de un grupo argentino. Los fundadores de S\u00faper A, la familia Abraham, confirmaron [&hellip;]<\/p>\n","protected":false},"author":2,"featured_media":14562,"comment_status":"open","ping_status":"open","sticky":false,"template":"","format":"standard","meta":[],"categories":[111],"tags":[],"_links":{"self":[{"href":"https:\/\/pasaenmendoza.com\/index.php?rest_route=\/wp\/v2\/posts\/14561"}],"collection":[{"href":"https:\/\/pasaenmendoza.com\/index.php?rest_route=\/wp\/v2\/posts"}],"about":[{"href":"https:\/\/pasaenmendoza.com\/index.php?rest_route=\/wp\/v2\/types\/post"}],"author":[{"embeddable":true,"href":"https:\/\/pasaenmendoza.com\/index.php?rest_route=\/wp\/v2\/users\/2"}],"replies":[{"embeddable":true,"href":"https:\/\/pasaenmendoza.com\/index.php?rest_route=%2Fwp%2Fv2%2Fcomments&post=14561"}],"version-history":[{"count":1,"href":"https:\/\/pasaenmendoza.com\/index.php?rest_route=\/wp\/v2\/posts\/14561\/revisions"}],"predecessor-version":[{"id":14563,"href":"https:\/\/pasaenmendoza.com\/index.php?rest_route=\/wp\/v2\/posts\/14561\/revisions\/14563"}],"wp:featuredmedia":[{"embeddable":true,"href":"https:\/\/pasaenmendoza.com\/index.php?rest_route=\/wp\/v2\/media\/14562"}],"wp:attachment":[{"href":"https:\/\/pasaenmendoza.com\/index.php?rest_route=%2Fwp%2Fv2%2Fmedia&parent=14561"}],"wp:term":[{"taxonomy":"category","embeddable":true,"href":"https:\/\/pasaenmendoza.com\/index.php?rest_route=%2Fwp%2Fv2%2Fcategories&post=14561"},{"taxonomy":"post_tag","embeddable":true,"href":"https:\/\/pasaenmendoza.com\/index.php?rest_route=%2Fwp%2Fv2%2Ftags&post=14561"}],"curies":[{"name":"wp","href":"https:\/\/api.w.org\/{rel}","templated":true}]}}