{"id":14564,"date":"2025-09-04T00:03:08","date_gmt":"2025-09-03T22:03:08","guid":{"rendered":"https:\/\/pasaenmendoza.com\/?p=14564"},"modified":"2025-09-04T00:03:09","modified_gmt":"2025-09-03T22:03:09","slug":"el-tren-de-capital-humano-llego-al-este-mendocino-con-servicios-integrales","status":"publish","type":"post","link":"https:\/\/pasaenmendoza.com\/?p=14564","title":{"rendered":"El Tren de Capital Humano lleg\u00f3 al Este mendocino con servicios integrales"},"content":{"rendered":"\n<p>El&nbsp;<strong>Tren del Ministerio de Capital Humano<\/strong>&nbsp;comenz\u00f3 a brindar&nbsp;<strong>servicios gratuitos<\/strong>&nbsp;en el&nbsp;<strong>Este mendocino<\/strong>, con epicentro en&nbsp;<strong>Palmira, San Mart\u00edn<\/strong>. El operativo, que se extender\u00e1 durante toda la semana, incluye&nbsp;<strong>atenci\u00f3n m\u00e9dica primaria<\/strong>,&nbsp;<strong>controles oftalmol\u00f3gicos<\/strong>, entrega de&nbsp;<strong>anteojos pedi\u00e1tricos<\/strong>, adem\u00e1s de&nbsp;<strong>tr\u00e1mites de organismos nacionales<\/strong>&nbsp;como&nbsp;<strong>ANSES<\/strong>&nbsp;y&nbsp;<strong>Renaper<\/strong>.<\/p>\n\n\n\n<p>La jornada de apertura cont\u00f3 con la visita del\u00a0<strong>ministro de Gobierno, Infraestructura y Desarrollo Territorial, Natalio Mema<\/strong>, quien recorri\u00f3 las instalaciones junto a\u00a0<strong>autoridades nacionales, provinciales y municipales<\/strong>. El funcionario destac\u00f3 que la propuesta \u201ctiene un impacto muy fuerte porque est\u00e1 atendiendo a m\u00e1s de\u00a0<strong>400 chicos por d\u00eda<\/strong>, de hasta 14 a\u00f1os de edad\u201d.<\/p>\n\n\n\n<p>El&nbsp;<strong>Tren de Capital Humano<\/strong>, iniciativa de la&nbsp;<strong>Secretar\u00eda Nacional de Ni\u00f1ez, Adolescencia y Familia<\/strong>, busca&nbsp;<strong>prevenir situaciones de vulnerabilidad<\/strong>&nbsp;a trav\u00e9s de un abordaje integral. En la recorrida tambi\u00e9n participaron el&nbsp;<strong>director de Acciones Territoriales de la Naci\u00f3n, Tom\u00e1s Basil<\/strong>, el&nbsp;<strong>intendente Ra\u00fal Rufeil<\/strong>&nbsp;y el&nbsp;<strong>jefe de gabinete del Ministerio de Gobierno provincial, Santiago Suarez<\/strong>.<\/p>\n\n\n\n<p>Basil subray\u00f3 la importancia del\u00a0<strong>trabajo articulado entre Naci\u00f3n, Provincia y municipios<\/strong>, que permite \u201cllegar a la mayor cantidad de gente\u201d con\u00a0<strong>talleres de empleo y educaci\u00f3n<\/strong>, como la elaboraci\u00f3n de un\u00a0<strong>curr\u00edculum vitae<\/strong>\u00a0y actividades de\u00a0<strong>lectura para ni\u00f1os<\/strong>.<\/p>\n\n\n\n<p>Por su parte, el\u00a0<strong>intendente Rufeil<\/strong>\u00a0celebr\u00f3 que se trata de \u201c<strong>pol\u00edticas de salud con causas nobles<\/strong>\u201d que impactan directamente en la comunidad, desde la entrega de\u00a0<strong>anteojos pedi\u00e1tricos<\/strong>\u00a0hasta la realizaci\u00f3n de\u00a0<strong>mamograf\u00edas y controles ginecol\u00f3gicos<\/strong>.<\/p>\n\n\n\n<p>Finalmente, Suarez detall\u00f3 que el Tren permanecer\u00e1 en&nbsp;<strong>Mendoza hasta fin de mes<\/strong>, con operativos en&nbsp;<strong>Lagunita, Beltr\u00e1n, Maip\u00fa, Las Catitas (Santa Rosa) y La Paz<\/strong>, e inform\u00f3 que la&nbsp;<strong>Provincia aporta insumos m\u00e9dicos, profesionales de la salud y programas sociales<\/strong>, como la&nbsp;<strong>garrafa social<\/strong>, para reforzar la atenci\u00f3n.<\/p>\n\n\n\n<p>De esta manera, el\u00a0<strong>Tren de Capital Humano<\/strong>\u00a0se convierte en una herramienta clave de\u00a0<strong>integraci\u00f3n territorial<\/strong>, acercando\u00a0<strong>servicios esenciales<\/strong>\u00a0a las comunidades del interior provincial.<\/p>\n\n\n\n<p><strong>Fuente: www.diariomendoza.com.ar<\/strong><\/p>\n","protected":false},"excerpt":{"rendered":"<p>El&nbsp;Tren del Ministerio de Capital Humano&nbsp;comenz\u00f3 a brindar&nbsp;servicios gratuitos&nbsp;en el&nbsp;Este mendocino, con epicentro en&nbsp;Palmira, San Mart\u00edn. El operativo, que se extender\u00e1 durante toda la semana, incluye&nbsp;atenci\u00f3n m\u00e9dica primaria,&nbsp;controles oftalmol\u00f3gicos, entrega de&nbsp;anteojos pedi\u00e1tricos, adem\u00e1s de&nbsp;tr\u00e1mites de organismos nacionales&nbsp;como&nbsp;ANSES&nbsp;y&nbsp;Renaper. La jornada de apertura cont\u00f3 con la visita del\u00a0ministro de Gobierno, Infraestructura y Desarrollo Territorial, Natalio Mema, quien [&hellip;]<\/p>\n","protected":false},"author":2,"featured_media":14565,"comment_status":"open","ping_status":"open","sticky":false,"template":"","format":"standard","meta":[],"categories":[47],"tags":[],"_links":{"self":[{"href":"https:\/\/pasaenmendoza.com\/index.php?rest_route=\/wp\/v2\/posts\/14564"}],"collection":[{"href":"https:\/\/pasaenmendoza.com\/index.php?rest_route=\/wp\/v2\/posts"}],"about":[{"href":"https:\/\/pasaenmendoza.com\/index.php?rest_route=\/wp\/v2\/types\/post"}],"author":[{"embeddable":true,"href":"https:\/\/pasaenmendoza.com\/index.php?rest_route=\/wp\/v2\/users\/2"}],"replies":[{"embeddable":true,"href":"https:\/\/pasaenmendoza.com\/index.php?rest_route=%2Fwp%2Fv2%2Fcomments&post=14564"}],"version-history":[{"count":1,"href":"https:\/\/pasaenmendoza.com\/index.php?rest_route=\/wp\/v2\/posts\/14564\/revisions"}],"predecessor-version":[{"id":14566,"href":"https:\/\/pasaenmendoza.com\/index.php?rest_route=\/wp\/v2\/posts\/14564\/revisions\/14566"}],"wp:featuredmedia":[{"embeddable":true,"href":"https:\/\/pasaenmendoza.com\/index.php?rest_route=\/wp\/v2\/media\/14565"}],"wp:attachment":[{"href":"https:\/\/pasaenmendoza.com\/index.php?rest_route=%2Fwp%2Fv2%2Fmedia&parent=14564"}],"wp:term":[{"taxonomy":"category","embeddable":true,"href":"https:\/\/pasaenmendoza.com\/index.php?rest_route=%2Fwp%2Fv2%2Fcategories&post=14564"},{"taxonomy":"post_tag","embeddable":true,"href":"https:\/\/pasaenmendoza.com\/index.php?rest_route=%2Fwp%2Fv2%2Ftags&post=14564"}],"curies":[{"name":"wp","href":"https:\/\/api.w.org\/{rel}","templated":true}]}}