{"id":1457,"date":"2023-09-14T15:54:54","date_gmt":"2023-09-14T13:54:54","guid":{"rendered":"https:\/\/pasaenmendoza.com\/?p=1457"},"modified":"2023-09-14T15:54:55","modified_gmt":"2023-09-14T13:54:55","slug":"el-atacante-de-la-fiscal-claudia-rios-rompio-una-pared-de-un-cabezazo","status":"publish","type":"post","link":"https:\/\/pasaenmendoza.com\/?p=1457","title":{"rendered":"El atacante de la fiscal Claudia R\u00edos rompi\u00f3 una pared de un cabezazo"},"content":{"rendered":"\n<p><em>\u201cEst\u00e1 loco y es muy agresivo\u201d<\/em>. As\u00ed definieron a\u00a0<strong>Hugo Eduardo Arredondo Su\u00e1rez<\/strong>\u00a0otros internos de la c\u00e1rcel de Almafuerte. Se trata del reo de 34 a\u00f1os, apodado\u00a0<em>Mecha<\/em>, que este mi\u00e9rcoles intent\u00f3 asesinar a la fiscal de\u00a0Homicidios,\u00a0<strong>Claudia Alejandra R\u00edos<\/strong>, y luego tom\u00f3 a una pasante como reh\u00e9n,\u00a0durante una audiencia de debate oral la sala 15 del edificio de Polo Judicial.<\/p>\n\n\n\n<p>Arredondo Su\u00e1rez,\u00a0<mark>que cumple la pena de prisi\u00f3n perpetua en un pabell\u00f3n de m\u00e1xima seguridad del complejo penitenciario de Cacheuta<\/mark>, buscaba protagonizar una fuga de pel\u00edcula, nunca vista en Mendoza.<\/p>\n\n\n\n<p>Por eso, tras colocarle en la garganta una chuza (arma blanca de fabricaci\u00f3n casera) a R\u00edos, quien se defendi\u00f3 lanzando gas pimienta,\u00a0<mark>tom\u00f3 como reh\u00e9n a una estudiante de Derecho que presenciaba el proceso oral<\/mark>\u00a0y alcanz\u00f3 a salir de la sala.<\/p>\n\n\n\n<p>Un testigo que presenci\u00f3 la dram\u00e1tica situaci\u00f3n relat\u00f3 que el delincuente hab\u00eda tomado por el cuello a la joven -que realiza una pasant\u00eda en el Ministerio P\u00fablico de la Defensa- y que logr\u00f3 acceder a un pasillo del Polo Judicial. Inmediatamente,<mark>\u00a0fue reducido por los penitenciarios<\/mark>, que se lanzaron violentamente sobre el atacante y la v\u00edctima.<\/p>\n\n\n\n<p>En el forcejeo,\u00a0<mark>Arredondo Su\u00e1rez le peg\u00f3 un fuerte cabezazo a una pared de durlock<\/mark>, rompiendo y dejando un visible hueco en la placa.<\/p>\n\n\n\n<p>El mismo testigo del conmocionante hecho, que tom\u00f3 relevancia nacional, asegur\u00f3 que alcanz\u00f3 a ver el arma blanca con la que el peligroso preso atac\u00f3 a la fiscal y a la pasante.\u00a0<em>\u201cEra una chuza hecha en la c\u00e1rcel, ten\u00eda un mango de goma y una punta\u201d<\/em>, indic\u00f3.<\/p>\n\n\n\n<p>La investigaci\u00f3n qued\u00f3 en manos de la fiscal de\u00a0Homicidios\u00a0<strong>Andrea Lazo<\/strong>. La primera consecuencia fue\u00a0<strong>el pase a disponibilidad de siete efectivos del Servicio Penitenciario<\/strong>\u00a0que participaron de todos los movimientos de trasladado del preso.<\/p>\n\n\n\n<p>Asamblea de trabajadores<\/p>\n\n\n\n<p><strong>Trabajadores judiciales<\/strong>\u00a0realizaron este jueves por la ma\u00f1ana una asamblea en la explanada del\u00a0<strong>Polo Judicial<\/strong>, con el objetivo de decidir si contin\u00faan con las audiencias del d\u00eda, o si, por el contrario, toman la decisi\u00f3n de llevar adelante una medida de fuerza.<\/p>\n\n\n\n<p>A ra\u00edz del ataque que sufri\u00f3 la fiscal\u00a0<strong>R\u00edos,\u00a0<\/strong>los trabajadores exigen que se revisen las medidas de seguridad del edificio y poder presentar sus reclamos a alg\u00fan juez de la Suprema Corte.<\/p>\n\n\n\n<p>Es la segunda asamblea que se realiza, ya que este mi\u00e9rcoles hab\u00eda sido el personal del turno tarde quien hab\u00eda deliberado los pasos a seguir.<\/p>\n\n\n\n<p><strong>Fuente: www.elsol.com.ar<\/strong><\/p>\n","protected":false},"excerpt":{"rendered":"<p>\u201cEst\u00e1 loco y es muy agresivo\u201d. As\u00ed definieron a\u00a0Hugo Eduardo Arredondo Su\u00e1rez\u00a0otros internos de la c\u00e1rcel de Almafuerte. Se trata del reo de 34 a\u00f1os, apodado\u00a0Mecha, que este mi\u00e9rcoles intent\u00f3 asesinar a la fiscal de\u00a0Homicidios,\u00a0Claudia Alejandra R\u00edos, y luego tom\u00f3 a una pasante como reh\u00e9n,\u00a0durante una audiencia de debate oral la sala 15 del edificio [&hellip;]<\/p>\n","protected":false},"author":2,"featured_media":1458,"comment_status":"open","ping_status":"open","sticky":false,"template":"","format":"standard","meta":[],"categories":[48],"tags":[],"_links":{"self":[{"href":"https:\/\/pasaenmendoza.com\/index.php?rest_route=\/wp\/v2\/posts\/1457"}],"collection":[{"href":"https:\/\/pasaenmendoza.com\/index.php?rest_route=\/wp\/v2\/posts"}],"about":[{"href":"https:\/\/pasaenmendoza.com\/index.php?rest_route=\/wp\/v2\/types\/post"}],"author":[{"embeddable":true,"href":"https:\/\/pasaenmendoza.com\/index.php?rest_route=\/wp\/v2\/users\/2"}],"replies":[{"embeddable":true,"href":"https:\/\/pasaenmendoza.com\/index.php?rest_route=%2Fwp%2Fv2%2Fcomments&post=1457"}],"version-history":[{"count":1,"href":"https:\/\/pasaenmendoza.com\/index.php?rest_route=\/wp\/v2\/posts\/1457\/revisions"}],"predecessor-version":[{"id":1459,"href":"https:\/\/pasaenmendoza.com\/index.php?rest_route=\/wp\/v2\/posts\/1457\/revisions\/1459"}],"wp:featuredmedia":[{"embeddable":true,"href":"https:\/\/pasaenmendoza.com\/index.php?rest_route=\/wp\/v2\/media\/1458"}],"wp:attachment":[{"href":"https:\/\/pasaenmendoza.com\/index.php?rest_route=%2Fwp%2Fv2%2Fmedia&parent=1457"}],"wp:term":[{"taxonomy":"category","embeddable":true,"href":"https:\/\/pasaenmendoza.com\/index.php?rest_route=%2Fwp%2Fv2%2Fcategories&post=1457"},{"taxonomy":"post_tag","embeddable":true,"href":"https:\/\/pasaenmendoza.com\/index.php?rest_route=%2Fwp%2Fv2%2Ftags&post=1457"}],"curies":[{"name":"wp","href":"https:\/\/api.w.org\/{rel}","templated":true}]}}