{"id":14576,"date":"2025-09-04T16:28:54","date_gmt":"2025-09-04T14:28:54","guid":{"rendered":"https:\/\/pasaenmendoza.com\/?p=14576"},"modified":"2025-09-04T16:28:55","modified_gmt":"2025-09-04T14:28:55","slug":"una-mujer-fue-atropellada-por-un-colectivo-en-pleno-centro-de-mendoza","status":"publish","type":"post","link":"https:\/\/pasaenmendoza.com\/?p=14576","title":{"rendered":"Una mujer fue atropellada por un colectivo en pleno centro de Mendoza"},"content":{"rendered":"\n<p>Una mujer result\u00f3 herida este jueves por la ma\u00f1ana&nbsp;<strong>luego de ser atropellada por un colectivo&nbsp;<\/strong>en pleno centro mendocino. El siniestro vial ocurri\u00f3 en la intersecci\u00f3n de las calles&nbsp;<strong>Patricias Mendocinas y Montevideo<\/strong>, una zona de alto tr\u00e1nsito peatonal y vehicular.<\/p>\n\n\n\n<p>Seg\u00fan testigos presentes en el lugar,&nbsp;<strong>el colectivo habr\u00eda girado hacia Patricias Mendocinas cuando cruz\u00f3 a la mujer, cuya identidad a\u00fan no fue confirmada<\/strong>. Si bien el impacto habr\u00eda sido leve, la v\u00edctima cay\u00f3 al suelo y se golpe\u00f3 la cabeza.<\/p>\n\n\n\n<p>Producto del golpe, fue trasladada de inmediato a un centro m\u00e9dico para ser atendida, aunque no se han brindado detalles sobre su estado de salud. La situaci\u00f3n gener\u00f3 preocupaci\u00f3n entre los transe\u00fantes que circulaban por la zona. Aunque se anticip\u00f3 que no habr\u00eda sido algo grave.\u00a0<\/p>\n\n\n\n<p>En el lugar trabaj\u00f3 personal policial y de Accidentolog\u00eda Vial, quienes se encargaron d<strong>e relevar pruebas y ordenar el tr\u00e1nsito<\/strong>, que se vio parcialmente afectado durante varios minutos.<\/p>\n\n\n\n<p>Se aguardan mayores precisiones sobre el hecho mientras se avanza en la investigaci\u00f3n para determinar c\u00f3mo se produjo el accidente.<\/p>\n\n\n\n<p><strong>Fuente: www.mendozapost.com<\/strong><\/p>\n","protected":false},"excerpt":{"rendered":"<p>Una mujer result\u00f3 herida este jueves por la ma\u00f1ana&nbsp;luego de ser atropellada por un colectivo&nbsp;en pleno centro mendocino. El siniestro vial ocurri\u00f3 en la intersecci\u00f3n de las calles&nbsp;Patricias Mendocinas y Montevideo, una zona de alto tr\u00e1nsito peatonal y vehicular. Seg\u00fan testigos presentes en el lugar,&nbsp;el colectivo habr\u00eda girado hacia Patricias Mendocinas cuando cruz\u00f3 a la [&hellip;]<\/p>\n","protected":false},"author":2,"featured_media":14577,"comment_status":"open","ping_status":"open","sticky":false,"template":"","format":"standard","meta":[],"categories":[48],"tags":[],"_links":{"self":[{"href":"https:\/\/pasaenmendoza.com\/index.php?rest_route=\/wp\/v2\/posts\/14576"}],"collection":[{"href":"https:\/\/pasaenmendoza.com\/index.php?rest_route=\/wp\/v2\/posts"}],"about":[{"href":"https:\/\/pasaenmendoza.com\/index.php?rest_route=\/wp\/v2\/types\/post"}],"author":[{"embeddable":true,"href":"https:\/\/pasaenmendoza.com\/index.php?rest_route=\/wp\/v2\/users\/2"}],"replies":[{"embeddable":true,"href":"https:\/\/pasaenmendoza.com\/index.php?rest_route=%2Fwp%2Fv2%2Fcomments&post=14576"}],"version-history":[{"count":1,"href":"https:\/\/pasaenmendoza.com\/index.php?rest_route=\/wp\/v2\/posts\/14576\/revisions"}],"predecessor-version":[{"id":14578,"href":"https:\/\/pasaenmendoza.com\/index.php?rest_route=\/wp\/v2\/posts\/14576\/revisions\/14578"}],"wp:featuredmedia":[{"embeddable":true,"href":"https:\/\/pasaenmendoza.com\/index.php?rest_route=\/wp\/v2\/media\/14577"}],"wp:attachment":[{"href":"https:\/\/pasaenmendoza.com\/index.php?rest_route=%2Fwp%2Fv2%2Fmedia&parent=14576"}],"wp:term":[{"taxonomy":"category","embeddable":true,"href":"https:\/\/pasaenmendoza.com\/index.php?rest_route=%2Fwp%2Fv2%2Fcategories&post=14576"},{"taxonomy":"post_tag","embeddable":true,"href":"https:\/\/pasaenmendoza.com\/index.php?rest_route=%2Fwp%2Fv2%2Ftags&post=14576"}],"curies":[{"name":"wp","href":"https:\/\/api.w.org\/{rel}","templated":true}]}}