{"id":14579,"date":"2025-09-04T16:31:17","date_gmt":"2025-09-04T14:31:17","guid":{"rendered":"https:\/\/pasaenmendoza.com\/?p=14579"},"modified":"2025-09-04T16:31:18","modified_gmt":"2025-09-04T14:31:18","slug":"un-chico-de-15-anos-jugaba-con-un-arma-y-se-disparo","status":"publish","type":"post","link":"https:\/\/pasaenmendoza.com\/?p=14579","title":{"rendered":"Un chico de 15 a\u00f1os jugaba con un arma y se dispar\u00f3"},"content":{"rendered":"\n<p>Un chico de 15 a\u00f1os result\u00f3 herido y fue trasladado al Hospital Notti tras un incidente dom\u00e9stico ocurrido en Guaymall\u00e9n.<\/p>\n\n\n\n<p>Seg\u00fan las primeras informaciones policiales que llegan desde el lugar, el joven estaba en su casa, ubicada sobre calle F\u00e9lix Su\u00e1rez, entre Pav\u00f3n y Gutemberg, jugando con un arma de fuego.<\/p>\n\n\n\n<p>Eran cerca de las 8 de la ma\u00f1ana. El menor manipulaba un revolver, el cual se dispar\u00f3 accidentalmente y una bala impact\u00f3 en una pierna.<\/p>\n\n\n\n<p>Los vecinos de la zona llamaron al 911 tras escuchar el disparo y al lugar llegaron polic\u00edas, quienes solicitaron una ambulancia.<\/p>\n\n\n\n<p>Los profesionales observaron la herida del joven y decidieron su traslado al hospital, donde se encuentra en observaci\u00f3n.<\/p>\n\n\n\n<p><strong>Fuente: www.mendozapost.com<\/strong><\/p>\n","protected":false},"excerpt":{"rendered":"<p>Un chico de 15 a\u00f1os result\u00f3 herido y fue trasladado al Hospital Notti tras un incidente dom\u00e9stico ocurrido en Guaymall\u00e9n. Seg\u00fan las primeras informaciones policiales que llegan desde el lugar, el joven estaba en su casa, ubicada sobre calle F\u00e9lix Su\u00e1rez, entre Pav\u00f3n y Gutemberg, jugando con un arma de fuego. Eran cerca de las [&hellip;]<\/p>\n","protected":false},"author":2,"featured_media":14580,"comment_status":"open","ping_status":"open","sticky":false,"template":"","format":"standard","meta":[],"categories":[48],"tags":[],"_links":{"self":[{"href":"https:\/\/pasaenmendoza.com\/index.php?rest_route=\/wp\/v2\/posts\/14579"}],"collection":[{"href":"https:\/\/pasaenmendoza.com\/index.php?rest_route=\/wp\/v2\/posts"}],"about":[{"href":"https:\/\/pasaenmendoza.com\/index.php?rest_route=\/wp\/v2\/types\/post"}],"author":[{"embeddable":true,"href":"https:\/\/pasaenmendoza.com\/index.php?rest_route=\/wp\/v2\/users\/2"}],"replies":[{"embeddable":true,"href":"https:\/\/pasaenmendoza.com\/index.php?rest_route=%2Fwp%2Fv2%2Fcomments&post=14579"}],"version-history":[{"count":1,"href":"https:\/\/pasaenmendoza.com\/index.php?rest_route=\/wp\/v2\/posts\/14579\/revisions"}],"predecessor-version":[{"id":14581,"href":"https:\/\/pasaenmendoza.com\/index.php?rest_route=\/wp\/v2\/posts\/14579\/revisions\/14581"}],"wp:featuredmedia":[{"embeddable":true,"href":"https:\/\/pasaenmendoza.com\/index.php?rest_route=\/wp\/v2\/media\/14580"}],"wp:attachment":[{"href":"https:\/\/pasaenmendoza.com\/index.php?rest_route=%2Fwp%2Fv2%2Fmedia&parent=14579"}],"wp:term":[{"taxonomy":"category","embeddable":true,"href":"https:\/\/pasaenmendoza.com\/index.php?rest_route=%2Fwp%2Fv2%2Fcategories&post=14579"},{"taxonomy":"post_tag","embeddable":true,"href":"https:\/\/pasaenmendoza.com\/index.php?rest_route=%2Fwp%2Fv2%2Ftags&post=14579"}],"curies":[{"name":"wp","href":"https:\/\/api.w.org\/{rel}","templated":true}]}}