{"id":14585,"date":"2025-09-04T19:08:20","date_gmt":"2025-09-04T17:08:20","guid":{"rendered":"https:\/\/pasaenmendoza.com\/?p=14585"},"modified":"2025-09-04T19:08:21","modified_gmt":"2025-09-04T17:08:21","slug":"canillitas-los-puestos-de-diarios-podran-ofrecer-servicios-de-paqueteria-y-entrega-de-documentos","status":"publish","type":"post","link":"https:\/\/pasaenmendoza.com\/?p=14585","title":{"rendered":"Canillitas: los puestos de diarios podr\u00e1n ofrecer servicios de paqueter\u00eda y entrega de documentos"},"content":{"rendered":"\n<p>El presidente\u00a0<strong>Javier Milei<\/strong>\u00a0derog\u00f3 mediante un decreto el r\u00e9gimen jur\u00eddico \u201cde los\u00a0<strong>canillitas<\/strong>\u201d que reg\u00eda para la\u00a0<strong>venta y distribuci\u00f3n de diarios<\/strong>, revistas en la v\u00eda p\u00fablica y le habilit\u00f3 nuevos servicios, entre ellos el de entregar correspondencia, papeler\u00eda, paqueter\u00eda y productos adquiridos por\u00a0<strong>comercio electr\u00f3nico<\/strong>, as\u00ed como documentos como tarjetas de cr\u00e9dito y pasaportes.<\/p>\n\n\n\n<p>El r\u00e9gimen jur\u00eddico reg\u00eda desde el a\u00f1o 2000. Con el nuevo decreto, dentro del marco de pol\u00edticas de&nbsp;<strong>desregulaci\u00f3n econ\u00f3mica<\/strong>, el Gobierno justific\u00f3 la medida al considerar que el r\u00e9gimen vigente de los&nbsp;<strong>canillitas<\/strong>&nbsp;es \u201cobsoleto\u201d, \u201cinnecesario\u201d y genera \u201climitaciones que afectan a los actores que intervienen en dicha actividad\u201d.<\/p>\n\n\n\n<p>Tambi\u00e9n se\u00f1al\u00f3 que con este cambio se incentiva la\u00a0<strong>libre competencia y la igualdad ante la ley<\/strong>, al reconocer el derecho de otros interesados a participar en un mercado abierto.<\/p>\n\n\n\n<h2 class=\"wp-block-heading\">El decreto que desregula a los canillitas<\/h2>\n\n\n\n<p>El\u00a0<strong>Decreto<\/strong>\u00a0629\/2025, publicado este jueves en el Bolet\u00edn Oficial, elimina el Decreto 1025\/2000 y su modificatorio, al considerar que impone restricciones innecesarias a la actividad y distorsiona los<strong>\u00a0precios de mercado<\/strong>.<\/p>\n\n\n\n<p>Tambi\u00e9n disuelven el Registro Nacional de Vendedores y&nbsp;<strong>Distribuidores de Diarios y Revistas<\/strong>&nbsp;creado por el decreto ahora derogado.<\/p>\n\n\n\n<p>El texto argumenta que la medida busca \u201cpromover la libre iniciativa privada y la interacci\u00f3n espont\u00e1nea de la oferta y la demanda\u201d, en l\u00ednea con los principios constitucionales de libre circulaci\u00f3n de bienes, servicios y trabajo.<\/p>\n\n\n\n<p>A partir de la nueva normativa, la&nbsp;<strong>actividad de los canillitas en la venta de diarios<\/strong>&nbsp;y revistas se regir\u00e1 por el C\u00f3digo Civil y Comercial de la Naci\u00f3n y las normas locales que resulten aplicables.<\/p>\n\n\n\n<p>Con los cambios los canillitas en sus paradas de diarios podr\u00e1n ofrecer\u00a0<strong>servicios<\/strong>\u00a0de casilla de correo, previa inscripci\u00f3n como operador postal ante el Ente Nacional de Comunicaciones (ENACOM), o mediante un acuerdo con un operador autorizado. Esto les permitir\u00e1 entregar\u00a0<strong>correspondencia, papeler\u00eda, paqueter\u00eda<\/strong>\u00a0y productos adquiridos por\u00a0<strong>comercio electr\u00f3nico<\/strong>, as\u00ed como documentos como tarjetas de cr\u00e9dito y pasaportes.<\/p>\n\n\n\n<p><strong>Fuente: www.diariouno.com.ar<\/strong><\/p>\n","protected":false},"excerpt":{"rendered":"<p>El presidente\u00a0Javier Milei\u00a0derog\u00f3 mediante un decreto el r\u00e9gimen jur\u00eddico \u201cde los\u00a0canillitas\u201d que reg\u00eda para la\u00a0venta y distribuci\u00f3n de diarios, revistas en la v\u00eda p\u00fablica y le habilit\u00f3 nuevos servicios, entre ellos el de entregar correspondencia, papeler\u00eda, paqueter\u00eda y productos adquiridos por\u00a0comercio electr\u00f3nico, as\u00ed como documentos como tarjetas de cr\u00e9dito y pasaportes. El r\u00e9gimen jur\u00eddico reg\u00eda [&hellip;]<\/p>\n","protected":false},"author":2,"featured_media":14586,"comment_status":"open","ping_status":"open","sticky":false,"template":"","format":"standard","meta":[],"categories":[47],"tags":[],"_links":{"self":[{"href":"https:\/\/pasaenmendoza.com\/index.php?rest_route=\/wp\/v2\/posts\/14585"}],"collection":[{"href":"https:\/\/pasaenmendoza.com\/index.php?rest_route=\/wp\/v2\/posts"}],"about":[{"href":"https:\/\/pasaenmendoza.com\/index.php?rest_route=\/wp\/v2\/types\/post"}],"author":[{"embeddable":true,"href":"https:\/\/pasaenmendoza.com\/index.php?rest_route=\/wp\/v2\/users\/2"}],"replies":[{"embeddable":true,"href":"https:\/\/pasaenmendoza.com\/index.php?rest_route=%2Fwp%2Fv2%2Fcomments&post=14585"}],"version-history":[{"count":1,"href":"https:\/\/pasaenmendoza.com\/index.php?rest_route=\/wp\/v2\/posts\/14585\/revisions"}],"predecessor-version":[{"id":14587,"href":"https:\/\/pasaenmendoza.com\/index.php?rest_route=\/wp\/v2\/posts\/14585\/revisions\/14587"}],"wp:featuredmedia":[{"embeddable":true,"href":"https:\/\/pasaenmendoza.com\/index.php?rest_route=\/wp\/v2\/media\/14586"}],"wp:attachment":[{"href":"https:\/\/pasaenmendoza.com\/index.php?rest_route=%2Fwp%2Fv2%2Fmedia&parent=14585"}],"wp:term":[{"taxonomy":"category","embeddable":true,"href":"https:\/\/pasaenmendoza.com\/index.php?rest_route=%2Fwp%2Fv2%2Fcategories&post=14585"},{"taxonomy":"post_tag","embeddable":true,"href":"https:\/\/pasaenmendoza.com\/index.php?rest_route=%2Fwp%2Fv2%2Ftags&post=14585"}],"curies":[{"name":"wp","href":"https:\/\/api.w.org\/{rel}","templated":true}]}}