{"id":14588,"date":"2025-09-04T19:12:57","date_gmt":"2025-09-04T17:12:57","guid":{"rendered":"https:\/\/pasaenmendoza.com\/?p=14588"},"modified":"2025-09-04T19:12:58","modified_gmt":"2025-09-04T17:12:58","slug":"sute-va-a-las-elecciones-el-oficialismo-y-las-listas-historicas-consolidaron-la-unidad","status":"publish","type":"post","link":"https:\/\/pasaenmendoza.com\/?p=14588","title":{"rendered":"SUTE va a las elecciones: el oficialismo y las listas hist\u00f3ricas consolidaron la unidad"},"content":{"rendered":"\n<p>El\u00a0<strong>Sindicato Unido de los Trabajadores de la Educaci\u00f3n (SUTE)<\/strong>\u00a0se prepara\u00a0para sus elecciones internas\u00a0del pr\u00f3ximo\u00a0<strong>7 de octubre<\/strong>, en un proceso que adquiere relevancia pol\u00edtica en la antesala de los comicios nacionales y provinciales del\u00a0<strong>26 de octubre<\/strong>.<\/p>\n\n\n\n<p>Con m\u00e1s de\u00a0<strong>20.000 afiliados en la provincia<\/strong>, al menos seis listas competir\u00e1n por la conducci\u00f3n del gremio. El oficialismo, identificado como\u00a0<strong>Lista Azul Naranja<\/strong>, logr\u00f3 consolidar un frente con la hist\u00f3rica\u00a0<strong>Lista Celeste<\/strong>\u00a0y convoc\u00f3 tambi\u00e9n a las agrupaciones\u00a0<strong>Amarilla, Lila y Violeta<\/strong>, ampliando su base de representaci\u00f3n.<\/p>\n\n\n\n<p>El candidato a\u00a0<strong>secretario general<\/strong>\u00a0del oficialismo ser\u00e1\u00a0<strong>Gustavo Correa<\/strong>, actual secretario gremial del SUTE y titular de la CTA regional Mendoza. Lo acompa\u00f1ar\u00e1n\u00a0<strong>Daniela Melero<\/strong>\u00a0como secretaria adjunta y\u00a0<strong>C\u00e9sar Maturano<\/strong>\u00a0como secretario gremial, mientras que\u00a0<strong>Carina Sedano<\/strong>, actual secretaria general, pasar\u00eda a ocupar el cargo de secretaria en Educaci\u00f3n en\u00a0caso de resultar electos.<\/p>\n\n\n\n<p>La elecci\u00f3n interna representa una oportunidad para Correa y su espacio de recuperar terreno dentro del peronismo provincial, tras quedar relegados en la discusi\u00f3n por los lugares en las listas legislativas de julio pasado. La alianza con el&nbsp;<strong>Movimiento Evita<\/strong>&nbsp;permitir\u00e1 competir en cuatro departamentos: Capital, Guaymall\u00e9n, Las Heras y Jun\u00edn, donde en comicios previos enfrentaron resultados adversos frente al oficialismo de intendentes y agrupaciones vinculadas a Anabel Fern\u00e1ndez Sagasti.<\/p>\n\n\n\n<p>En los \u00faltimos cuatro a\u00f1os, la conducci\u00f3n oficialista ampli\u00f3 su base de apoyo con la adhesi\u00f3n de varias agrupaciones y consolid\u00f3 una propuesta que busca involucrar a los trabajadores en la discusi\u00f3n sobre el futuro del sindicato. Adem\u00e1s, durante este per\u00edodo, inauguraron sedes en&nbsp;<strong>Las Heras, Luj\u00e1n y Lavalle<\/strong>, y est\u00e1n finalizando nuevas instalaciones en Capital, Maip\u00fa, Santa Rosa, La Paz y Malarg\u00fce, junto con campings y salones a lo largo de la provincia, fortaleciendo la infraestructura gremial.<\/p>\n\n\n\n<p>Estas elecciones internas marcar\u00e1n un hito para el SUTE, no solo por la renovaci\u00f3n de autoridades, sino tambi\u00e9n por la participaci\u00f3n hist\u00f3rica de afiliados y la consolidaci\u00f3n de un frente amplio\u00a0dentro del sindicato docente mendocino.<\/p>\n\n\n\n<p><strong>Fuente: www.diariomendoza.com.ar<\/strong><\/p>\n","protected":false},"excerpt":{"rendered":"<p>El\u00a0Sindicato Unido de los Trabajadores de la Educaci\u00f3n (SUTE)\u00a0se prepara\u00a0para sus elecciones internas\u00a0del pr\u00f3ximo\u00a07 de octubre, en un proceso que adquiere relevancia pol\u00edtica en la antesala de los comicios nacionales y provinciales del\u00a026 de octubre. Con m\u00e1s de\u00a020.000 afiliados en la provincia, al menos seis listas competir\u00e1n por la conducci\u00f3n del gremio. El oficialismo, identificado [&hellip;]<\/p>\n","protected":false},"author":2,"featured_media":14589,"comment_status":"open","ping_status":"open","sticky":false,"template":"","format":"standard","meta":[],"categories":[55],"tags":[],"_links":{"self":[{"href":"https:\/\/pasaenmendoza.com\/index.php?rest_route=\/wp\/v2\/posts\/14588"}],"collection":[{"href":"https:\/\/pasaenmendoza.com\/index.php?rest_route=\/wp\/v2\/posts"}],"about":[{"href":"https:\/\/pasaenmendoza.com\/index.php?rest_route=\/wp\/v2\/types\/post"}],"author":[{"embeddable":true,"href":"https:\/\/pasaenmendoza.com\/index.php?rest_route=\/wp\/v2\/users\/2"}],"replies":[{"embeddable":true,"href":"https:\/\/pasaenmendoza.com\/index.php?rest_route=%2Fwp%2Fv2%2Fcomments&post=14588"}],"version-history":[{"count":1,"href":"https:\/\/pasaenmendoza.com\/index.php?rest_route=\/wp\/v2\/posts\/14588\/revisions"}],"predecessor-version":[{"id":14590,"href":"https:\/\/pasaenmendoza.com\/index.php?rest_route=\/wp\/v2\/posts\/14588\/revisions\/14590"}],"wp:featuredmedia":[{"embeddable":true,"href":"https:\/\/pasaenmendoza.com\/index.php?rest_route=\/wp\/v2\/media\/14589"}],"wp:attachment":[{"href":"https:\/\/pasaenmendoza.com\/index.php?rest_route=%2Fwp%2Fv2%2Fmedia&parent=14588"}],"wp:term":[{"taxonomy":"category","embeddable":true,"href":"https:\/\/pasaenmendoza.com\/index.php?rest_route=%2Fwp%2Fv2%2Fcategories&post=14588"},{"taxonomy":"post_tag","embeddable":true,"href":"https:\/\/pasaenmendoza.com\/index.php?rest_route=%2Fwp%2Fv2%2Ftags&post=14588"}],"curies":[{"name":"wp","href":"https:\/\/api.w.org\/{rel}","templated":true}]}}