{"id":14591,"date":"2025-09-04T19:18:05","date_gmt":"2025-09-04T17:18:05","guid":{"rendered":"https:\/\/pasaenmendoza.com\/?p=14591"},"modified":"2025-09-04T19:18:06","modified_gmt":"2025-09-04T17:18:06","slug":"auditorias-citaron-a-43-500-mendocinos-para-demostrar-su-situacion-ante-la-andis","status":"publish","type":"post","link":"https:\/\/pasaenmendoza.com\/?p=14591","title":{"rendered":"Auditor\u00edas: citaron a 43.500 mendocinos para demostrar su situaci\u00f3n ante la ANDIS"},"content":{"rendered":"\n<p><strong>El Gobierno Nacional orden\u00f3 auditor\u00edas sobre pensiones no contributivas por discapacidad, motivadas por sospechas de fraude en el sistema. En Mendoza,\u00a043.500 personas\u00a0fueron citadas para acreditar su situaci\u00f3n. Sin embargo, a la fecha, no se sabe cu\u00e1ntas\u00a0pensiones\u00a0fueron efectivamente suspendidas, lo que genera incertidumbre sobre el impacto real de la medida.<\/strong><\/p>\n\n\n\n<p>Las\u00a0auditor\u00edas\u00a0se llevan a cabo en un contexto de denuncias por irregularidades dentro de la Agencia Nacional de Discapacidad\u00a0(ANDis), que recientemente cambi\u00f3 de direcci\u00f3n tras la renuncia de Diego Spagnuolo en medio de filtraciones por supuestas coimas.<\/p>\n\n\n\n<p><strong>Riesgo para los beneficiarios<\/strong><\/p>\n\n\n\n<p>Referentes del colectivo de discapacidad en Mendoza advierten que la falta de datos compromete la posibilidad de brindar asistencia adecuada a quienes pierdan los resguardos econ\u00f3micos y de salud.<\/p>\n\n\n\n<p>M\u00f3nica Bascu\u00f1\u00e1n, del Observatorio de Discapacidad de Mendoza, asegur\u00f3: \u201c<em>Ese es un dato que no vas a conseguir desde ning\u00fan lado porque es un dato de la Agencia Nacional de Discapacidad que en este momento no va a dar, ning\u00fan dato absolutamente a nadie\u201d.<\/em><\/p>\n\n\n\n<p>Bascu\u00f1\u00e1n agreg\u00f3 que muchas personas no denuncian la suspensi\u00f3n de sus pensiones por estigma o verg\u00fcenza, lo que agrava la vulnerabilidad del sector.<\/p>\n\n\n\n<p><strong>Mendoza y el panorama nacional de pensiones<\/strong><\/p>\n\n\n\n<p>Seg\u00fan un estudio del Instituto para el Desarrollo Social Argentino (Idesa), entre 2000 y 2023 las pensiones por invalidez pasaron de 75.000 a 1,2 millones en todo el pa\u00eds. Mendoza registra 23 pensiones por cada 1.000 habitantes, ligeramente por debajo del promedio nacional de 25, mientras que Chaco tiene 86 y Tierra del Fuego solo 7 por cada 1.000 habitantes.<\/p>\n\n\n\n<p>El informe advierte que el crecimiento acelerado de las pensiones impuls\u00f3 la auditor\u00eda, que ha generado denuncias de maltrato, suspensi\u00f3n arbitraria de beneficios y tr\u00e1mites engorrosos para quienes presentan discapacidades visibles.<\/p>\n\n\n\n<p><strong>Cr\u00edticas al procedimiento de ANDis<\/strong><\/p>\n\n\n\n<p>El estudio se\u00f1ala que la agencia utiliz\u00f3 instrumentos rudimentarios, enviando citaciones masivas sin criterios estrat\u00e9gicos, lo que provoc\u00f3 largas demoras y dificultades para los beneficiarios.<\/p>\n\n\n\n<p><strong>Fuente: www.diariomendoza.com.ar<\/strong><\/p>\n","protected":false},"excerpt":{"rendered":"<p>El Gobierno Nacional orden\u00f3 auditor\u00edas sobre pensiones no contributivas por discapacidad, motivadas por sospechas de fraude en el sistema. En Mendoza,\u00a043.500 personas\u00a0fueron citadas para acreditar su situaci\u00f3n. Sin embargo, a la fecha, no se sabe cu\u00e1ntas\u00a0pensiones\u00a0fueron efectivamente suspendidas, lo que genera incertidumbre sobre el impacto real de la medida. Las\u00a0auditor\u00edas\u00a0se llevan a cabo en un [&hellip;]<\/p>\n","protected":false},"author":2,"featured_media":14592,"comment_status":"open","ping_status":"open","sticky":false,"template":"","format":"standard","meta":[],"categories":[50],"tags":[],"_links":{"self":[{"href":"https:\/\/pasaenmendoza.com\/index.php?rest_route=\/wp\/v2\/posts\/14591"}],"collection":[{"href":"https:\/\/pasaenmendoza.com\/index.php?rest_route=\/wp\/v2\/posts"}],"about":[{"href":"https:\/\/pasaenmendoza.com\/index.php?rest_route=\/wp\/v2\/types\/post"}],"author":[{"embeddable":true,"href":"https:\/\/pasaenmendoza.com\/index.php?rest_route=\/wp\/v2\/users\/2"}],"replies":[{"embeddable":true,"href":"https:\/\/pasaenmendoza.com\/index.php?rest_route=%2Fwp%2Fv2%2Fcomments&post=14591"}],"version-history":[{"count":1,"href":"https:\/\/pasaenmendoza.com\/index.php?rest_route=\/wp\/v2\/posts\/14591\/revisions"}],"predecessor-version":[{"id":14593,"href":"https:\/\/pasaenmendoza.com\/index.php?rest_route=\/wp\/v2\/posts\/14591\/revisions\/14593"}],"wp:featuredmedia":[{"embeddable":true,"href":"https:\/\/pasaenmendoza.com\/index.php?rest_route=\/wp\/v2\/media\/14592"}],"wp:attachment":[{"href":"https:\/\/pasaenmendoza.com\/index.php?rest_route=%2Fwp%2Fv2%2Fmedia&parent=14591"}],"wp:term":[{"taxonomy":"category","embeddable":true,"href":"https:\/\/pasaenmendoza.com\/index.php?rest_route=%2Fwp%2Fv2%2Fcategories&post=14591"},{"taxonomy":"post_tag","embeddable":true,"href":"https:\/\/pasaenmendoza.com\/index.php?rest_route=%2Fwp%2Fv2%2Ftags&post=14591"}],"curies":[{"name":"wp","href":"https:\/\/api.w.org\/{rel}","templated":true}]}}