{"id":14594,"date":"2025-09-04T19:21:59","date_gmt":"2025-09-04T17:21:59","guid":{"rendered":"https:\/\/pasaenmendoza.com\/?p=14594"},"modified":"2025-09-04T19:22:00","modified_gmt":"2025-09-04T17:22:00","slug":"potrerillos-los-servicios-que-tendra-el-perilago-en-el-verano-2025-2026","status":"publish","type":"post","link":"https:\/\/pasaenmendoza.com\/?p=14594","title":{"rendered":"Potrerillos: los servicios que tendr\u00e1 el perilago en el verano 2025-2026"},"content":{"rendered":"\n<p>El Gobierno de Mendoza present\u00f3 este jueves al mediod\u00eda el proyecto de desarrollo integral del perilago de Potrerillos en la costa sur y norte, cuya inversi\u00f3n inicial superior a los $5.000 millones, y que se ejecutar\u00e1 entre lo que resta de 2025 y el inicio de 2026.<\/p>\n\n\n\n<p>En los \u00faltimos dos a\u00f1os, la Provincia licit\u00f3 y adjudic\u00f3 a distintos grupos empresarios, e incluso cedi\u00f3 a la UNCuyo, los sectores para desarrollar luego de a\u00f1os de falta de infraestructura en una de las zonas tur\u00edsticas m\u00e1s importantes de Mendoza.<\/p>\n\n\n\n<p>En la costa sur, los proyectos adjudicados a Potrerillos Resort S.A. y Mendo Travel S.R.L. ya cuentan con Declaraci\u00f3n de Impacto Ambiental y se desarrollan bajo estrictas normas de sustentabilidad, con provisi\u00f3n de agua y energ\u00eda el\u00e9ctrica sin afectar el recurso natural del perilago.<\/p>\n\n\n\n<p>A su vez, en la costa norte, seis concesionarios avanzan en la aprobaci\u00f3n de sus anteproyectos, mientras el Gobierno ya mejor\u00f3 el puente de acceso para garantizar conectividad y seguridad.<\/p>\n\n\n\n<p>La ministra de Energ\u00eda y Ambiente, Jimena Latorre, resalt\u00f3 que se trata de \u201ccapitales mendocinos\u201d y adelant\u00f3 que pr\u00f3ximamente se realizar\u00e1 la audiencia p\u00fablica por una de las empresas m\u00e1s avanzadas, Dos a Dos.<\/p>\n\n\n\n<p>\u201cHay que ser conscientes de que son servicios acorde al lugar donde estamos, en una zona de fragilidad ambiental donde hay que respetar a rajatabla la normativa ambiental y con restricciones a algunos servicios. Estos proyectos son muy exigentes en ese sentido\u201d, explic\u00f3 la funcionaria.<\/p>\n\n\n\n<p>Para la temporada de verano, el Gobierno prev\u00e9 que estar\u00e1 habilitado servicios de ba\u00f1os, de ventas, un peque\u00f1o mercado e incluso una zona para asadores.<\/p>\n\n\n\n<p>\u201cA medida que vayan avanzando, se completar\u00e1 con caba\u00f1as o lodges, servicios para realizar actividades deportivas\u201d, agreg\u00f3.<\/p>\n\n\n\n<p>El plan integral prev\u00e9 infraestructura y servicios como camping, restaurante, asadores, ba\u00f1os, estacionamiento, fogoneros, food trucks, actividades acu\u00e1ticas (kayak, rafting) y deportes de monta\u00f1a, adem\u00e1s de hospedajes sustentables y gastronom\u00eda de primer nivel. Tambi\u00e9n se proyecta la incorporaci\u00f3n de un servicio de turismo en helic\u00f3ptero.<\/p>\n\n\n\n<p>El Gobierno provincial remarc\u00f3 que el desarrollo se lleva adelante bajo un esquema de control estricto: el Departamento General de Irrigaci\u00f3n exige la construcci\u00f3n de plantas de tratamiento de efluentes cloacales, y consultoras especializadas auditan los avances en ambas costas para garantizar el cumplimiento de los proyectos.<\/p>\n\n\n\n<p><strong>Fuente: www.elsol.com.ar<\/strong><\/p>\n","protected":false},"excerpt":{"rendered":"<p>El Gobierno de Mendoza present\u00f3 este jueves al mediod\u00eda el proyecto de desarrollo integral del perilago de Potrerillos en la costa sur y norte, cuya inversi\u00f3n inicial superior a los $5.000 millones, y que se ejecutar\u00e1 entre lo que resta de 2025 y el inicio de 2026. En los \u00faltimos dos a\u00f1os, la Provincia licit\u00f3 [&hellip;]<\/p>\n","protected":false},"author":2,"featured_media":14595,"comment_status":"open","ping_status":"open","sticky":false,"template":"","format":"standard","meta":[],"categories":[64],"tags":[],"_links":{"self":[{"href":"https:\/\/pasaenmendoza.com\/index.php?rest_route=\/wp\/v2\/posts\/14594"}],"collection":[{"href":"https:\/\/pasaenmendoza.com\/index.php?rest_route=\/wp\/v2\/posts"}],"about":[{"href":"https:\/\/pasaenmendoza.com\/index.php?rest_route=\/wp\/v2\/types\/post"}],"author":[{"embeddable":true,"href":"https:\/\/pasaenmendoza.com\/index.php?rest_route=\/wp\/v2\/users\/2"}],"replies":[{"embeddable":true,"href":"https:\/\/pasaenmendoza.com\/index.php?rest_route=%2Fwp%2Fv2%2Fcomments&post=14594"}],"version-history":[{"count":1,"href":"https:\/\/pasaenmendoza.com\/index.php?rest_route=\/wp\/v2\/posts\/14594\/revisions"}],"predecessor-version":[{"id":14596,"href":"https:\/\/pasaenmendoza.com\/index.php?rest_route=\/wp\/v2\/posts\/14594\/revisions\/14596"}],"wp:featuredmedia":[{"embeddable":true,"href":"https:\/\/pasaenmendoza.com\/index.php?rest_route=\/wp\/v2\/media\/14595"}],"wp:attachment":[{"href":"https:\/\/pasaenmendoza.com\/index.php?rest_route=%2Fwp%2Fv2%2Fmedia&parent=14594"}],"wp:term":[{"taxonomy":"category","embeddable":true,"href":"https:\/\/pasaenmendoza.com\/index.php?rest_route=%2Fwp%2Fv2%2Fcategories&post=14594"},{"taxonomy":"post_tag","embeddable":true,"href":"https:\/\/pasaenmendoza.com\/index.php?rest_route=%2Fwp%2Fv2%2Ftags&post=14594"}],"curies":[{"name":"wp","href":"https:\/\/api.w.org\/{rel}","templated":true}]}}