{"id":14597,"date":"2025-09-05T16:01:19","date_gmt":"2025-09-05T14:01:19","guid":{"rendered":"https:\/\/pasaenmendoza.com\/?p=14597"},"modified":"2025-09-05T16:01:20","modified_gmt":"2025-09-05T14:01:20","slug":"el-tiempo-en-mendoza-soleado-y-aumento-en-la-temperatura","status":"publish","type":"post","link":"https:\/\/pasaenmendoza.com\/?p=14597","title":{"rendered":"El tiempo en Mendoza: soleado y aumento en la temperatura"},"content":{"rendered":"\n<p>Mendoza amaneci\u00f3 este viernes con temperaturas bajas y cielo parcialmente nublado, aunque las condiciones mejorar\u00e1n con el correr de las horas. Seg\u00fan el Servicio Meteorol\u00f3gico Nacional, la m\u00e1xima prevista para hoy ser\u00e1 de 13 grados, mientras que la m\u00ednima registrada fue de 5\u00b0.<\/p>\n\n\n\n<p>El viento se mantiene en calma y la humedad ronda el 73%, en un d\u00eda que no presentar\u00e1 probabilidades de precipitaciones. Se espera que durante la tarde el cielo quede mayormente despejado, lo que permitir\u00e1 una jornada fresca pero estable.<\/p>\n\n\n\n<p>De acuerdo con el pron\u00f3stico extendido, ma\u00f1ana s\u00e1bado habr\u00e1 un leve ascenso de la temperatura acompa\u00f1ado por cielo despejado. Para el domingo, en tanto, se prev\u00e9 un aumento m\u00e1s marcado en las marcas t\u00e9rmicas, aunque con mayor presencia de nubosidad en el cielo.<\/p>\n\n\n\n<p><strong>Fuente: www.elsol.com.ar<\/strong><\/p>\n","protected":false},"excerpt":{"rendered":"<p>Mendoza amaneci\u00f3 este viernes con temperaturas bajas y cielo parcialmente nublado, aunque las condiciones mejorar\u00e1n con el correr de las horas. Seg\u00fan el Servicio Meteorol\u00f3gico Nacional, la m\u00e1xima prevista para hoy ser\u00e1 de 13 grados, mientras que la m\u00ednima registrada fue de 5\u00b0. El viento se mantiene en calma y la humedad ronda el 73%, [&hellip;]<\/p>\n","protected":false},"author":2,"featured_media":14598,"comment_status":"open","ping_status":"open","sticky":false,"template":"","format":"standard","meta":[],"categories":[52],"tags":[],"_links":{"self":[{"href":"https:\/\/pasaenmendoza.com\/index.php?rest_route=\/wp\/v2\/posts\/14597"}],"collection":[{"href":"https:\/\/pasaenmendoza.com\/index.php?rest_route=\/wp\/v2\/posts"}],"about":[{"href":"https:\/\/pasaenmendoza.com\/index.php?rest_route=\/wp\/v2\/types\/post"}],"author":[{"embeddable":true,"href":"https:\/\/pasaenmendoza.com\/index.php?rest_route=\/wp\/v2\/users\/2"}],"replies":[{"embeddable":true,"href":"https:\/\/pasaenmendoza.com\/index.php?rest_route=%2Fwp%2Fv2%2Fcomments&post=14597"}],"version-history":[{"count":1,"href":"https:\/\/pasaenmendoza.com\/index.php?rest_route=\/wp\/v2\/posts\/14597\/revisions"}],"predecessor-version":[{"id":14599,"href":"https:\/\/pasaenmendoza.com\/index.php?rest_route=\/wp\/v2\/posts\/14597\/revisions\/14599"}],"wp:featuredmedia":[{"embeddable":true,"href":"https:\/\/pasaenmendoza.com\/index.php?rest_route=\/wp\/v2\/media\/14598"}],"wp:attachment":[{"href":"https:\/\/pasaenmendoza.com\/index.php?rest_route=%2Fwp%2Fv2%2Fmedia&parent=14597"}],"wp:term":[{"taxonomy":"category","embeddable":true,"href":"https:\/\/pasaenmendoza.com\/index.php?rest_route=%2Fwp%2Fv2%2Fcategories&post=14597"},{"taxonomy":"post_tag","embeddable":true,"href":"https:\/\/pasaenmendoza.com\/index.php?rest_route=%2Fwp%2Fv2%2Ftags&post=14597"}],"curies":[{"name":"wp","href":"https:\/\/api.w.org\/{rel}","templated":true}]}}