{"id":14603,"date":"2025-09-05T16:11:51","date_gmt":"2025-09-05T14:11:51","guid":{"rendered":"https:\/\/pasaenmendoza.com\/?p=14603"},"modified":"2025-09-05T16:11:52","modified_gmt":"2025-09-05T14:11:52","slug":"declaran-la-emergencia-ambiental-en-los-corralitos-por-el-desborde-cloacal","status":"publish","type":"post","link":"https:\/\/pasaenmendoza.com\/?p=14603","title":{"rendered":"Declaran la Emergencia Ambiental en Los Corralitos por el desborde cloacal"},"content":{"rendered":"\n<p>El\u00a0<strong>Intendente de Guaymall\u00e9n, Marcos Calvente<\/strong>, declar\u00f3 una\u00a0<strong>Emergencia Sanitaria y Ambiental en Los Corralitos<\/strong>, espec\u00edficamente delimitada por las calles Severo del Castillo y 2 de Mayo. Esta medida se origin\u00f3 a ra\u00edz del\u00a0<strong>Colapso del colector de AySAM<\/strong>.<\/p>\n\n\n\n<p>La situaci\u00f3n, que comenz\u00f3 el mes pasado, ha generado una\u00a0<strong>crisis en los espacios p\u00fablicos, aguas y obras hidr\u00e1ulicas de esta zona<\/strong>, provocando\u00a0<strong>desbordes de efluentes cloacales<\/strong>\u00a0que han afectado a los<strong>\u00a0residentes locales, usuarios del servicio y productores<\/strong>\u00a0de Guaymall\u00e9n.<\/p>\n\n\n\n<p>Las autoridades locales han tomado medidas urgentes para abordar esta crisis, trabajando en estrecha colaboraci\u00f3n con distintas entidades especializadas. Se ha establecido un riguroso monitoreo diario para controlar las condiciones de descarga y mitigar los impactos en la salud de las personas y el entorno natural de la zona afectada.<\/p>\n\n\n\n<p>La determinaci\u00f3n de la Municipalidad, seg\u00fan la declaraci\u00f3n, es para\u00a0 garantizar la seguridad y bienestar de la poblaci\u00f3n.<\/p>\n\n\n\n<p><strong>Fuente: www.mendozapost.com<\/strong><\/p>\n","protected":false},"excerpt":{"rendered":"<p>El\u00a0Intendente de Guaymall\u00e9n, Marcos Calvente, declar\u00f3 una\u00a0Emergencia Sanitaria y Ambiental en Los Corralitos, espec\u00edficamente delimitada por las calles Severo del Castillo y 2 de Mayo. Esta medida se origin\u00f3 a ra\u00edz del\u00a0Colapso del colector de AySAM. La situaci\u00f3n, que comenz\u00f3 el mes pasado, ha generado una\u00a0crisis en los espacios p\u00fablicos, aguas y obras hidr\u00e1ulicas de [&hellip;]<\/p>\n","protected":false},"author":2,"featured_media":14604,"comment_status":"open","ping_status":"open","sticky":false,"template":"","format":"standard","meta":[],"categories":[50],"tags":[],"_links":{"self":[{"href":"https:\/\/pasaenmendoza.com\/index.php?rest_route=\/wp\/v2\/posts\/14603"}],"collection":[{"href":"https:\/\/pasaenmendoza.com\/index.php?rest_route=\/wp\/v2\/posts"}],"about":[{"href":"https:\/\/pasaenmendoza.com\/index.php?rest_route=\/wp\/v2\/types\/post"}],"author":[{"embeddable":true,"href":"https:\/\/pasaenmendoza.com\/index.php?rest_route=\/wp\/v2\/users\/2"}],"replies":[{"embeddable":true,"href":"https:\/\/pasaenmendoza.com\/index.php?rest_route=%2Fwp%2Fv2%2Fcomments&post=14603"}],"version-history":[{"count":1,"href":"https:\/\/pasaenmendoza.com\/index.php?rest_route=\/wp\/v2\/posts\/14603\/revisions"}],"predecessor-version":[{"id":14605,"href":"https:\/\/pasaenmendoza.com\/index.php?rest_route=\/wp\/v2\/posts\/14603\/revisions\/14605"}],"wp:featuredmedia":[{"embeddable":true,"href":"https:\/\/pasaenmendoza.com\/index.php?rest_route=\/wp\/v2\/media\/14604"}],"wp:attachment":[{"href":"https:\/\/pasaenmendoza.com\/index.php?rest_route=%2Fwp%2Fv2%2Fmedia&parent=14603"}],"wp:term":[{"taxonomy":"category","embeddable":true,"href":"https:\/\/pasaenmendoza.com\/index.php?rest_route=%2Fwp%2Fv2%2Fcategories&post=14603"},{"taxonomy":"post_tag","embeddable":true,"href":"https:\/\/pasaenmendoza.com\/index.php?rest_route=%2Fwp%2Fv2%2Ftags&post=14603"}],"curies":[{"name":"wp","href":"https:\/\/api.w.org\/{rel}","templated":true}]}}